{"id":99045,"date":"2025-05-13T16:52:00","date_gmt":"2025-05-13T20:52:00","guid":{"rendered":"https:\/\/rdvcanada.ca\/?p=99045"},"modified":"2025-05-15T17:00:08","modified_gmt":"2025-05-15T21:00:08","slug":"la-presence-du-canada-au-festival-de-cannes-et-au-marche-du-film-2025","status":"publish","type":"post","link":"https:\/\/rdvcanada.ca\/fr\/evenements\/la-presence-du-canada-au-festival-de-cannes-et-au-marche-du-film-2025\/","title":{"rendered":"La pr\u00e9sence du Canada au Festival de Cannes et au March\u00e9 du Film 2025!"},"content":{"rendered":"\t\t<div data-elementor-type=\"wp-post\" data-elementor-id=\"99045\" class=\"elementor elementor-99045 elementor-98975\" data-elementor-post-type=\"post\">\n\t\t\t\t\t\t<section class=\"elementor-section elementor-top-section elementor-element elementor-element-00a0ef9 elementor-section-boxed elementor-section-height-default elementor-section-height-default\" data-id=\"00a0ef9\" data-element_type=\"section\" data-e-type=\"section\">\n\t\t\t\t\t\t<div class=\"elementor-container elementor-column-gap-default\">\n\t\t\t\t\t<div class=\"elementor-column elementor-col-100 elementor-top-column elementor-element elementor-element-5954a37\" data-id=\"5954a37\" data-element_type=\"column\" data-e-type=\"column\">\n\t\t\t<div class=\"elementor-widget-wrap elementor-element-populated\">\n\t\t\t\t\t\t<div class=\"elementor-element elementor-element-f9e768f elementor-widget elementor-widget-text-editor\" data-id=\"f9e768f\" data-element_type=\"widget\" data-e-type=\"widget\" data-widget_type=\"text-editor.default\">\n\t\t\t\t<div class=\"elementor-widget-container\">\n\t\t\t\t\t\t\t\t\t<p><span data-contrast=\"auto\">Le Festival du film de Cannes est l&#8217;un des <\/span><b><span data-contrast=\"auto\">plus grands festivals de cin\u00e9ma au monde<\/span><\/b><span data-contrast=\"auto\">, attirant des centaines de milliers de spectateurs pour d\u00e9couvrir certains des films les plus attendus de l&#8217;ann\u00e9e.<\/span><span data-ccp-props=\"{}\">\u00a0<\/span><\/p><p><span data-contrast=\"auto\">Le festival ne se limite pas aux premi\u00e8res \u2013 <\/span><b><span data-contrast=\"auto\">c\u2019est un lieu o\u00f9 se cr\u00e9ent des connexions internationales.<\/span><\/b><\/p><p><span data-contrast=\"auto\">Le March\u00e9 du film se d\u00e9roulent en parall\u00e8le du festival, et offre plusieurs programmes pour diff\u00e9rents genres et types de films. <\/span><b><span data-contrast=\"auto\">C&#8217;est un rendez-vous cl\u00e9 pour les ventes internationales et le mentorat pour l&#8217;industrie cin\u00e9matographique.<\/span><\/b><span data-contrast=\"auto\"> Dans cet esprit, le <\/span><b><span data-contrast=\"auto\">Pavillon du Canada<\/span><\/b><span data-contrast=\"auto\"> accueillera plus de 300 d\u00e9l\u00e9gu\u00e9s canadiens au <\/span><b><span data-contrast=\"auto\">stand no 127<\/span><\/b><span data-contrast=\"auto\">, au c\u0153ur du March\u00e9 du Film.<\/span><span data-ccp-props=\"{}\">\u00a0<\/span><\/p><p><span data-contrast=\"auto\">D\u00e9couvrez-en plus sur la pr\u00e9sence du Canada au festival!<\/span><\/p>\t\t\t\t\t\t\t\t<\/div>\n\t\t\t\t<\/div>\n\t\t\t\t\t<\/div>\n\t\t<\/div>\n\t\t\t\t\t<\/div>\n\t\t<\/section>\n\t\t\t\t<section class=\"elementor-section elementor-top-section elementor-element elementor-element-4689bcd elementor-section-boxed elementor-section-height-default elementor-section-height-default\" data-id=\"4689bcd\" data-element_type=\"section\" data-e-type=\"section\">\n\t\t\t\t\t\t<div class=\"elementor-container elementor-column-gap-default\">\n\t\t\t\t\t<div class=\"elementor-column elementor-col-100 elementor-top-column elementor-element elementor-element-d7dc86d\" data-id=\"d7dc86d\" data-element_type=\"column\" data-e-type=\"column\">\n\t\t\t<div class=\"elementor-widget-wrap\">\n\t\t\t\t\t\t\t<\/div>\n\t\t<\/div>\n\t\t\t\t\t<\/div>\n\t\t<\/section>\n\t\t\t\t<section class=\"elementor-section elementor-top-section elementor-element elementor-element-64633ca elementor-section-boxed elementor-section-height-default elementor-section-height-default\" data-id=\"64633ca\" data-element_type=\"section\" data-e-type=\"section\">\n\t\t\t\t\t\t<div class=\"elementor-container elementor-column-gap-default\">\n\t\t\t\t\t<div class=\"elementor-column elementor-col-100 elementor-top-column elementor-element elementor-element-de82ff1\" data-id=\"de82ff1\" data-element_type=\"column\" data-e-type=\"column\">\n\t\t\t<div class=\"elementor-widget-wrap elementor-element-populated\">\n\t\t\t\t\t\t<div class=\"elementor-element elementor-element-0327359 elementor-widget elementor-widget-heading\" data-id=\"0327359\" data-element_type=\"widget\" data-e-type=\"widget\" data-widget_type=\"heading.default\">\n\t\t\t\t<div class=\"elementor-widget-container\">\n\t\t\t\t\t<h3 class=\"elementor-heading-title elementor-size-default\" id=\"des-projets-canadiens-dans-la-selection-du-festival-de-cannes\">Des projets canadiens dans la s\u00e9lection du Festival de Cannes <\/h3>\t\t\t\t<\/div>\n\t\t\t\t<\/div>\n\t\t\t\t<div class=\"elementor-element elementor-element-03c923c elementor-widget elementor-widget-text-editor\" data-id=\"03c923c\" data-element_type=\"widget\" data-e-type=\"widget\" data-widget_type=\"text-editor.default\">\n\t\t\t\t<div class=\"elementor-widget-container\">\n\t\t\t\t\t\t\t\t\t<p><span data-contrast=\"auto\">Le talent canadien fait encore des vagues \u00e0 Cannes!<\/span><span data-ccp-props=\"{}\">\u00a0<\/span><\/p><p><span data-contrast=\"auto\">Cette ann\u00e9e, quatre films et une \u0153uvre XR font partie de la S\u00e9lection.<\/span><span data-ccp-props=\"{}\">\u00a0<\/span><\/p><p><span data-contrast=\"auto\">Dans la section Comp\u00e9tition : <\/span><a href=\"https:\/\/rdvcanada.ca\/fr\/produit\/hypersensible\/\"><i><span data-contrast=\"none\">Hypersensible<\/span><\/i><\/a><span data-contrast=\"auto\">, un court m\u00e9trage d\u2019animation surr\u00e9aliste de la sc\u00e9nariste et r\u00e9alisatrice Martine Frossard.<\/span><\/p><p><span data-contrast=\"auto\">Dans la <a href=\"https:\/\/www.quinzaine-cineastes.fr\/fr\"><strong>Quinzaine des cin\u00e9astes<\/strong><\/a> : deux longs m\u00e9trages et un court m\u00e9trage d\u2019animation!<\/span><span data-ccp-props=\"{}\">\u00a0<\/span><\/p><ul><li><a href=\"https:\/\/rdvcanada.ca\/fr\/produit\/amour-apocalypse\/\"><i><span data-contrast=\"none\">Amour Apocalypse<\/span><\/i><\/a><span data-contrast=\"auto\">, une com\u00e9die romantique de la sc\u00e9nariste et r\u00e9alisatrice Anne \u00c9mond, avec Piper Perabo et Patrick Hivon.<\/span><\/li><li><a href=\"https:\/\/rdvcanada.ca\/fr\/produit\/la-mort-nexiste-pas\/\"><i><span data-contrast=\"none\">La Mort n\u2019existe pas<\/span><\/i><\/a><span data-contrast=\"auto\">, une coproduction Canada\u2013France en animation, \u00e9crite et r\u00e9alis\u00e9e par F\u00e9lix Dufour-Laperri\u00e8re, qui explore le prix de la r\u00e9sistance.<\/span><span data-ccp-props=\"{}\">\u00a0<\/span><\/li><li><span data-contrast=\"auto\">Le court m\u00e9trage d\u2019animation <\/span><a href=\"https:\/\/rdvcanada.ca\/fr\/produit\/le-pain-se-leve\/\"><i><span data-contrast=\"none\">Bread Will Walk (Le pain se l\u00e8ve)<\/span><\/i><\/a><span data-contrast=\"auto\">, produit par l\u2019Office national du film du Canada. Le film est \u00e9crit, r\u00e9alis\u00e9 et anim\u00e9 par Alex Boya, avec la voix de Jay Baruchel.<\/span><\/li><\/ul><p><span data-contrast=\"auto\">Dans la Comp\u00e9tition Immersive : <\/span><a href=\"https:\/\/rdvcanada.ca\/fr\/produit\/la-maison-de-poupee\/\"><i><span data-contrast=\"none\">The Dollhouse<\/span><\/i><\/a><span data-contrast=\"auto\">, une coproduction en XR avec le Luxembourg, qui explore les dynamiques de pouvoir au sein du foyer.<\/span><span data-ccp-props=\"{}\">\u00a0<\/span><\/p><p><span data-contrast=\"auto\">Et enfin, dans la section Cannes Classics, <\/span><a href=\"https:\/\/rdvcanada.ca\/fr\/produit\/sunshine\/\"><i><span data-contrast=\"none\">Sunshine<\/span><\/i><\/a><span data-contrast=\"auto\"> d&#8217;Istv\u00e1n Szab\u00f3, <\/span><span data-contrast=\"none\">produit par Robert Lantos (Serendipity Point Films, Canada) et Andras Hamori.<\/span><span data-ccp-props=\"{}\">\u00a0<\/span><\/p>\t\t\t\t\t\t\t\t<\/div>\n\t\t\t\t<\/div>\n\t\t\t\t<div class=\"elementor-element elementor-element-30625d4 elementor-arrows-position-inside elementor-pagination-position-outside elementor-widget elementor-widget-image-carousel\" data-id=\"30625d4\" data-element_type=\"widget\" data-e-type=\"widget\" data-settings=\"{&quot;slides_to_show&quot;:&quot;2&quot;,&quot;navigation&quot;:&quot;both&quot;,&quot;autoplay&quot;:&quot;yes&quot;,&quot;pause_on_hover&quot;:&quot;yes&quot;,&quot;pause_on_interaction&quot;:&quot;yes&quot;,&quot;autoplay_speed&quot;:5000,&quot;infinite&quot;:&quot;yes&quot;,&quot;speed&quot;:500}\" data-widget_type=\"image-carousel.default\">\n\t\t\t\t<div class=\"elementor-widget-container\">\n\t\t\t\t\t\t\t<div class=\"elementor-image-carousel-wrapper swiper\" role=\"region\" aria-roledescription=\"carousel\" aria-label=\"Image Carousel\" dir=\"ltr\">\n\t\t\t<div class=\"elementor-image-carousel swiper-wrapper\" aria-live=\"off\">\n\t\t\t\t\t\t\t\t<div class=\"swiper-slide\" role=\"group\" aria-roledescription=\"slide\" aria-label=\"1 of 6\"><figure class=\"swiper-slide-inner\"><img decoding=\"async\" class=\"swiper-slide-image\" src=\"https:\/\/rdvcanada.ca\/wp-content\/uploads\/2018\/01\/1.jpg\" alt=\"Hypersensitive\" loading=\"lazy\" \/><figcaption class=\"elementor-image-carousel-caption\">Hypersensitive<\/figcaption><\/figure><\/div><div class=\"swiper-slide\" role=\"group\" aria-roledescription=\"slide\" aria-label=\"2 of 6\"><figure class=\"swiper-slide-inner\"><img decoding=\"async\" class=\"swiper-slide-image\" src=\"https:\/\/rdvcanada.ca\/wp-content\/uploads\/2018\/01\/2.jpg\" alt=\"Amour Apocalypse\" loading=\"lazy\" \/><figcaption class=\"elementor-image-carousel-caption\">Amour Apocalypse<\/figcaption><\/figure><\/div><div class=\"swiper-slide\" role=\"group\" aria-roledescription=\"slide\" aria-label=\"3 of 6\"><figure class=\"swiper-slide-inner\"><img decoding=\"async\" class=\"swiper-slide-image\" src=\"https:\/\/rdvcanada.ca\/wp-content\/uploads\/2018\/01\/3.jpg\" alt=\"La mort n\u2019existe pas\" loading=\"lazy\" \/><figcaption class=\"elementor-image-carousel-caption\">La mort n\u2019existe pas<\/figcaption><\/figure><\/div><div class=\"swiper-slide\" role=\"group\" aria-roledescription=\"slide\" aria-label=\"4 of 6\"><figure class=\"swiper-slide-inner\"><img decoding=\"async\" class=\"swiper-slide-image\" src=\"https:\/\/rdvcanada.ca\/wp-content\/uploads\/2018\/01\/4.jpg\" alt=\"Bread Will Walk\" loading=\"lazy\" \/><figcaption class=\"elementor-image-carousel-caption\">Bread Will Walk<\/figcaption><\/figure><\/div><div class=\"swiper-slide\" role=\"group\" aria-roledescription=\"slide\" aria-label=\"5 of 6\"><figure class=\"swiper-slide-inner\"><img decoding=\"async\" class=\"swiper-slide-image\" src=\"https:\/\/rdvcanada.ca\/wp-content\/uploads\/2018\/01\/5.jpg\" alt=\"The Dollhouse\" loading=\"lazy\" \/><figcaption class=\"elementor-image-carousel-caption\">The Dollhouse<\/figcaption><\/figure><\/div><div class=\"swiper-slide\" role=\"group\" aria-roledescription=\"slide\" aria-label=\"6 of 6\"><figure class=\"swiper-slide-inner\"><img decoding=\"async\" class=\"swiper-slide-image\" src=\"https:\/\/rdvcanada.ca\/wp-content\/uploads\/2018\/01\/6.jpg\" alt=\"Sunshine\" loading=\"lazy\" \/><figcaption class=\"elementor-image-carousel-caption\">Sunshine<\/figcaption><\/figure><\/div>\t\t\t<\/div>\n\t\t\t\t\t\t\t\t\t\t\t\t<div class=\"elementor-swiper-button elementor-swiper-button-prev\" role=\"button\" tabindex=\"0\">\n\t\t\t\t\t\t<i aria-hidden=\"true\" class=\"eicon-chevron-left\"><\/i>\t\t\t\t\t<\/div>\n\t\t\t\t\t<div class=\"elementor-swiper-button elementor-swiper-button-next\" role=\"button\" tabindex=\"0\">\n\t\t\t\t\t\t<i aria-hidden=\"true\" class=\"eicon-chevron-right\"><\/i>\t\t\t\t\t<\/div>\n\t\t\t\t\n\t\t\t\t\t\t\t\t\t<div class=\"swiper-pagination\"><\/div>\n\t\t\t\t\t\t\t\t\t<\/div>\n\t\t\t\t\t\t<\/div>\n\t\t\t\t<\/div>\n\t\t\t\t\t<\/div>\n\t\t<\/div>\n\t\t\t\t\t<\/div>\n\t\t<\/section>\n\t\t\t\t<section class=\"elementor-section elementor-top-section elementor-element elementor-element-8eb74f1 elementor-section-boxed elementor-section-height-default elementor-section-height-default\" data-id=\"8eb74f1\" data-element_type=\"section\" data-e-type=\"section\">\n\t\t\t\t\t\t<div class=\"elementor-container elementor-column-gap-default\">\n\t\t\t\t\t<div class=\"elementor-column elementor-col-100 elementor-top-column elementor-element elementor-element-e50feb1\" data-id=\"e50feb1\" data-element_type=\"column\" data-e-type=\"column\">\n\t\t\t<div class=\"elementor-widget-wrap elementor-element-populated\">\n\t\t\t\t\t\t<div class=\"elementor-element elementor-element-7473190 elementor-widget elementor-widget-spacer\" data-id=\"7473190\" data-element_type=\"widget\" data-e-type=\"widget\" data-widget_type=\"spacer.default\">\n\t\t\t\t<div class=\"elementor-widget-container\">\n\t\t\t\t\t\t\t<div class=\"elementor-spacer\">\n\t\t\t<div class=\"elementor-spacer-inner\"><\/div>\n\t\t<\/div>\n\t\t\t\t\t\t<\/div>\n\t\t\t\t<\/div>\n\t\t\t\t\t<\/div>\n\t\t<\/div>\n\t\t\t\t\t<\/div>\n\t\t<\/section>\n\t\t\t\t<section class=\"elementor-section elementor-top-section elementor-element elementor-element-5581dc7 elementor-section-boxed elementor-section-height-default elementor-section-height-default\" data-id=\"5581dc7\" data-element_type=\"section\" data-e-type=\"section\">\n\t\t\t\t\t\t<div class=\"elementor-container elementor-column-gap-default\">\n\t\t\t\t\t<div class=\"elementor-column elementor-col-100 elementor-top-column elementor-element elementor-element-b147f9a\" data-id=\"b147f9a\" data-element_type=\"column\" data-e-type=\"column\">\n\t\t\t<div class=\"elementor-widget-wrap elementor-element-populated\">\n\t\t\t\t\t\t<div class=\"elementor-element elementor-element-1194a1e elementor-widget elementor-widget-heading\" data-id=\"1194a1e\" data-element_type=\"widget\" data-e-type=\"widget\" data-widget_type=\"heading.default\">\n\t\t\t\t<div class=\"elementor-widget-container\">\n\t\t\t\t\t<h3 class=\"elementor-heading-title elementor-size-default\" id=\"initiatives-internationales-de-decouverte-et-de-distribution-au-marche-du-film\">Initiatives internationales de d\u00e9couverte et de distribution au March\u00e9 du Film<\/h3>\t\t\t\t<\/div>\n\t\t\t\t<\/div>\n\t\t\t\t<div class=\"elementor-element elementor-element-656ba39 elementor-widget elementor-widget-spacer\" data-id=\"656ba39\" data-element_type=\"widget\" data-e-type=\"widget\" data-widget_type=\"spacer.default\">\n\t\t\t\t<div class=\"elementor-widget-container\">\n\t\t\t\t\t\t\t<div class=\"elementor-spacer\">\n\t\t\t<div class=\"elementor-spacer-inner\"><\/div>\n\t\t<\/div>\n\t\t\t\t\t\t<\/div>\n\t\t\t\t<\/div>\n\t\t\t\t\t<\/div>\n\t\t<\/div>\n\t\t\t\t\t<\/div>\n\t\t<\/section>\n\t\t\t\t<section class=\"elementor-section elementor-top-section elementor-element elementor-element-1dec367 elementor-section-boxed elementor-section-height-default elementor-section-height-default\" data-id=\"1dec367\" data-element_type=\"section\" data-e-type=\"section\">\n\t\t\t\t\t\t<div class=\"elementor-container elementor-column-gap-default\">\n\t\t\t\t\t<div class=\"elementor-column elementor-col-100 elementor-top-column elementor-element elementor-element-b047d76\" data-id=\"b047d76\" data-element_type=\"column\" data-e-type=\"column\">\n\t\t\t<div class=\"elementor-widget-wrap elementor-element-populated\">\n\t\t\t\t\t\t<div class=\"elementor-element elementor-element-e13c0ea elementor-widget elementor-widget-heading\" data-id=\"e13c0ea\" data-element_type=\"widget\" data-e-type=\"widget\" data-widget_type=\"heading.default\">\n\t\t\t\t<div class=\"elementor-widget-container\">\n\t\t\t\t\t<h4 class=\"elementor-heading-title elementor-size-default\" id=\"le-canada-showcase-a-cannes-docs\">Le Canada Showcase \u00e0 Cannes Docs<\/h4>\t\t\t\t<\/div>\n\t\t\t\t<\/div>\n\t\t\t\t<div class=\"elementor-element elementor-element-3df3c73 elementor-widget elementor-widget-text-editor\" data-id=\"3df3c73\" data-element_type=\"widget\" data-e-type=\"widget\" data-widget_type=\"text-editor.default\">\n\t\t\t\t<div class=\"elementor-widget-container\">\n\t\t\t\t\t\t\t\t\t<p><span data-contrast=\"auto\">Le <a href=\"https:\/\/www.marchedufilm.com\/fr\/programs\/cannes-docs\/docs-in-progress\/showcase-canada\/\">Canada Showcase \u00e0 Cannes Docs<\/a> offre un aper\u00e7u exclusif de quatre longs m\u00e9trages documentaires canadiens aux derni\u00e8res \u00e9tapes de la production. Les \u00e9quipes de film pr\u00e9senteront leur projet \u00e0 un public de professionnels accr\u00e9dit\u00e9s, tels que des coproducteurs, des agents de vente, des programmateurs de festivals, et plus encore.<\/span><\/p><p><span data-contrast=\"auto\">En partenariat avec T\u00e9l\u00e9film Canada et Les Rencontres internationales du documentaire de Montr\u00e9al (RIDM).<\/span><span data-ccp-props=\"{}\">\u00a0<\/span><\/p><ul><li data-leveltext=\"\uf0b7\" data-font=\"Symbol\" data-listid=\"2\" data-list-defn-props=\"{&quot;335552541&quot;:1,&quot;335559683&quot;:0,&quot;335559684&quot;:-2,&quot;335559685&quot;:720,&quot;335559991&quot;:360,&quot;469769226&quot;:&quot;Symbol&quot;,&quot;469769242&quot;:[8226],&quot;469777803&quot;:&quot;left&quot;,&quot;469777804&quot;:&quot;\uf0b7&quot;,&quot;469777815&quot;:&quot;hybridMultilevel&quot;}\" aria-setsize=\"-1\" data-aria-posinset=\"1\" data-aria-level=\"1\"><em><a href=\"https:\/\/rdvcanada.ca\/fr\/produit\/concrete-turned-to-sand\/\">Concrete Turned to Sand<\/a><\/em><span data-contrast=\"none\">\u00a0 de Jessica Johnson et Ryan Ermacora | Colombie-Britannique<\/span><\/li><li data-leveltext=\"\uf0b7\" data-font=\"Symbol\" data-listid=\"2\" data-list-defn-props=\"{&quot;335552541&quot;:1,&quot;335559683&quot;:0,&quot;335559684&quot;:-2,&quot;335559685&quot;:720,&quot;335559991&quot;:360,&quot;469769226&quot;:&quot;Symbol&quot;,&quot;469769242&quot;:[8226],&quot;469777803&quot;:&quot;left&quot;,&quot;469777804&quot;:&quot;\uf0b7&quot;,&quot;469777815&quot;:&quot;hybridMultilevel&quot;}\" aria-setsize=\"-1\" data-aria-posinset=\"1\" data-aria-level=\"1\"><em><a href=\"https:\/\/rdvcanada.ca\/fr\/produit\/la-peau-du-ciel\/\">Skin of the Sky<\/a><\/em><span data-contrast=\"none\">\u00a0 d&#8217;Andrea Bussmann | Ontario<\/span><span data-ccp-props=\"{&quot;335559739&quot;:0}\">\u00a0<\/span><\/li><li data-leveltext=\"\uf0b7\" data-font=\"Symbol\" data-listid=\"2\" data-list-defn-props=\"{&quot;335552541&quot;:1,&quot;335559683&quot;:0,&quot;335559684&quot;:-2,&quot;335559685&quot;:720,&quot;335559991&quot;:360,&quot;469769226&quot;:&quot;Symbol&quot;,&quot;469769242&quot;:[8226],&quot;469777803&quot;:&quot;left&quot;,&quot;469777804&quot;:&quot;\uf0b7&quot;,&quot;469777815&quot;:&quot;hybridMultilevel&quot;}\" aria-setsize=\"-1\" data-aria-posinset=\"1\" data-aria-level=\"1\"><em><a href=\"https:\/\/rdvcanada.ca\/fr\/produit\/la-production-du-monde\/\">The Production of the World<\/a><\/em><span data-contrast=\"none\">\u00a0 de Brett Story | Ontario<\/span><span data-ccp-props=\"{&quot;335559739&quot;:0}\">\u00a0<\/span><\/li><li data-leveltext=\"\uf0b7\" data-font=\"Symbol\" data-listid=\"2\" data-list-defn-props=\"{&quot;335552541&quot;:1,&quot;335559683&quot;:0,&quot;335559684&quot;:-2,&quot;335559685&quot;:720,&quot;335559991&quot;:360,&quot;469769226&quot;:&quot;Symbol&quot;,&quot;469769242&quot;:[8226],&quot;469777803&quot;:&quot;left&quot;,&quot;469777804&quot;:&quot;\uf0b7&quot;,&quot;469777815&quot;:&quot;hybridMultilevel&quot;}\" aria-setsize=\"-1\" data-aria-posinset=\"1\" data-aria-level=\"1\"><a href=\"https:\/\/rdvcanada.ca\/fr\/produit\/we-shall-eat-when-the-river-is-full\/\"><span data-contrast=\"none\"><em>We Shall Eat When the River Is Full<\/em><\/span><\/a><span data-contrast=\"none\">\u00a0 de Banchi Hanuse | Colombie-Britannique<\/span><\/li><\/ul>\t\t\t\t\t\t\t\t<\/div>\n\t\t\t\t<\/div>\n\t\t\t\t<div class=\"elementor-element elementor-element-1db5af0 elementor-widget elementor-widget-spacer\" data-id=\"1db5af0\" data-element_type=\"widget\" data-e-type=\"widget\" data-widget_type=\"spacer.default\">\n\t\t\t\t<div class=\"elementor-widget-container\">\n\t\t\t\t\t\t\t<div class=\"elementor-spacer\">\n\t\t\t<div class=\"elementor-spacer-inner\"><\/div>\n\t\t<\/div>\n\t\t\t\t\t\t<\/div>\n\t\t\t\t<\/div>\n\t\t\t\t\t<\/div>\n\t\t<\/div>\n\t\t\t\t\t<\/div>\n\t\t<\/section>\n\t\t\t\t<section class=\"elementor-section elementor-top-section elementor-element elementor-element-f5d6d16 elementor-section-boxed elementor-section-height-default elementor-section-height-default\" data-id=\"f5d6d16\" data-element_type=\"section\" data-e-type=\"section\">\n\t\t\t\t\t\t<div class=\"elementor-container elementor-column-gap-default\">\n\t\t\t\t\t<div class=\"elementor-column elementor-col-100 elementor-top-column elementor-element elementor-element-4846210\" data-id=\"4846210\" data-element_type=\"column\" data-e-type=\"column\">\n\t\t\t<div class=\"elementor-widget-wrap elementor-element-populated\">\n\t\t\t\t\t\t<div class=\"elementor-element elementor-element-6839e15 elementor-widget elementor-widget-heading\" data-id=\"6839e15\" data-element_type=\"widget\" data-e-type=\"widget\" data-widget_type=\"heading.default\">\n\t\t\t\t<div class=\"elementor-widget-container\">\n\t\t\t\t\t<h4 class=\"elementor-heading-title elementor-size-default\" id=\"talent-tout-court\">Talent tout court<\/h4>\t\t\t\t<\/div>\n\t\t\t\t<\/div>\n\t\t\t\t<div class=\"elementor-element elementor-element-6ee2562 elementor-widget elementor-widget-text-editor\" data-id=\"6ee2562\" data-element_type=\"widget\" data-e-type=\"widget\" data-widget_type=\"text-editor.default\">\n\t\t\t\t<div class=\"elementor-widget-container\">\n\t\t\t\t\t\t\t\t\t<p><b><span data-contrast=\"auto\">Sept courts m\u00e9trages<\/span><\/b><span data-contrast=\"auto\"> ont \u00e9t\u00e9 sp\u00e9cialement s\u00e9lectionn\u00e9s pour <\/span><b><span data-contrast=\"auto\">Talent tout court, une initiative de T\u00e9l\u00e9film Canada<\/span><\/b><span data-contrast=\"auto\"> qui se tiendra au Short Film Corner de Cannes. Le Short Film Corner est un forum d\u00e9di\u00e9 aux professionnels du court m\u00e9trage. Il s&#8217;agit d&#8217;une plateforme id\u00e9ale pour permettre aux r\u00e9alisatrices et r\u00e9alisateurs de promouvoir leur travail et d&#8217;entrer en contact avec leurs homologues internationaux.<\/span><span data-ccp-props=\"{}\">\u00a0<\/span><\/p><p><span data-contrast=\"auto\">Les \u00e9quipes de courts m\u00e9trages canadiens auront l&#8217;occasion non seulement de pr\u00e9senter leur film \u00e0 la video library du Short Film Corner, mais aussi de participer \u00e0 divers ateliers, panels et \u00e9v\u00e9nements de r\u00e9seautage.<\/span><span data-ccp-props=\"{}\">\u00a0<\/span><\/p>\t\t\t\t\t\t\t\t<\/div>\n\t\t\t\t<\/div>\n\t\t\t\t\t<\/div>\n\t\t<\/div>\n\t\t\t\t\t<\/div>\n\t\t<\/section>\n\t\t\t\t<section class=\"elementor-section elementor-top-section elementor-element elementor-element-61c9efa elementor-section-boxed elementor-section-height-default elementor-section-height-default\" data-id=\"61c9efa\" data-element_type=\"section\" data-e-type=\"section\">\n\t\t\t\t\t\t<div class=\"elementor-container elementor-column-gap-default\">\n\t\t\t\t\t<div class=\"elementor-column elementor-col-50 elementor-top-column elementor-element elementor-element-4a01ac8\" data-id=\"4a01ac8\" data-element_type=\"column\" data-e-type=\"column\">\n\t\t\t<div class=\"elementor-widget-wrap elementor-element-populated\">\n\t\t\t\t\t\t<div class=\"elementor-element elementor-element-68d12d7 elementor-widget elementor-widget-text-editor\" data-id=\"68d12d7\" data-element_type=\"widget\" data-e-type=\"widget\" data-widget_type=\"text-editor.default\">\n\t\t\t\t<div class=\"elementor-widget-container\">\n\t\t\t\t\t\t\t\t\t<ul><li data-leveltext=\"\uf0b7\" data-font=\"Symbol\" data-listid=\"6\" data-list-defn-props=\"{&quot;335552541&quot;:1,&quot;335559683&quot;:0,&quot;335559684&quot;:-2,&quot;335559685&quot;:720,&quot;335559991&quot;:360,&quot;469769226&quot;:&quot;Symbol&quot;,&quot;469769242&quot;:[8226],&quot;469777803&quot;:&quot;left&quot;,&quot;469777804&quot;:&quot;\uf0b7&quot;,&quot;469777815&quot;:&quot;hybridMultilevel&quot;}\" aria-setsize=\"-1\" data-aria-posinset=\"8\" data-aria-level=\"1\"><a href=\"https:\/\/rdvcanada.ca\/fr\/produit\/boa\/\"><i><span data-contrast=\"none\">Boa<\/span><\/i><\/a><span data-contrast=\"none\"> d\u2019Alexandre Dostie\u202f| Qu\u00e9bec<\/span><\/li><li data-leveltext=\"\uf0b7\" data-font=\"Symbol\" data-listid=\"6\" data-list-defn-props=\"{&quot;335552541&quot;:1,&quot;335559683&quot;:0,&quot;335559684&quot;:-2,&quot;335559685&quot;:720,&quot;335559991&quot;:360,&quot;469769226&quot;:&quot;Symbol&quot;,&quot;469769242&quot;:[8226],&quot;469777803&quot;:&quot;left&quot;,&quot;469777804&quot;:&quot;\uf0b7&quot;,&quot;469777815&quot;:&quot;hybridMultilevel&quot;}\" aria-setsize=\"-1\" data-aria-posinset=\"8\" data-aria-level=\"1\"><a href=\"https:\/\/rdvcanada.ca\/fr\/produit\/en-plein-air\/\"><i><span data-contrast=\"none\">En plein air<\/span><\/i><i><span data-contrast=\"none\">\u202f<\/span><\/i><\/a><span data-contrast=\"none\"> de Morgana McKenzie\u202f| Ontario<\/span><span data-ccp-props=\"{&quot;335559739&quot;:0}\">\u00a0<\/span><\/li><li data-leveltext=\"\uf0b7\" data-font=\"Symbol\" data-listid=\"6\" data-list-defn-props=\"{&quot;335552541&quot;:1,&quot;335559683&quot;:0,&quot;335559684&quot;:-2,&quot;335559685&quot;:720,&quot;335559991&quot;:360,&quot;469769226&quot;:&quot;Symbol&quot;,&quot;469769242&quot;:[8226],&quot;469777803&quot;:&quot;left&quot;,&quot;469777804&quot;:&quot;\uf0b7&quot;,&quot;469777815&quot;:&quot;hybridMultilevel&quot;}\" aria-setsize=\"-1\" data-aria-posinset=\"8\" data-aria-level=\"1\"><a href=\"https:\/\/rdvcanada.ca\/fr\/produit\/je-deteste-les-bebes\/\"><i><span data-contrast=\"none\">I Hate Babies<\/span><\/i><\/a> <span data-contrast=\"none\">de Sidney Leeder, Alona Metzer et Walter Woodman | Ontario<\/span><\/li><li data-leveltext=\"\uf0b7\" data-font=\"Symbol\" data-listid=\"6\" data-list-defn-props=\"{&quot;335552541&quot;:1,&quot;335559683&quot;:0,&quot;335559684&quot;:-2,&quot;335559685&quot;:720,&quot;335559991&quot;:360,&quot;469769226&quot;:&quot;Symbol&quot;,&quot;469769242&quot;:[8226],&quot;469777803&quot;:&quot;left&quot;,&quot;469777804&quot;:&quot;\uf0b7&quot;,&quot;469777815&quot;:&quot;hybridMultilevel&quot;}\" aria-setsize=\"-1\" data-aria-posinset=\"8\" data-aria-level=\"1\"><a href=\"https:\/\/rdvcanada.ca\/fr\/produit\/sitting-bird\/\"><i><span data-contrast=\"none\">Sitting Bird<\/span><\/i><\/a> <span data-contrast=\"none\">d\u2019Athena Han\u202f| Colombie-Britannique<\/span><\/li><li data-leveltext=\"\uf0b7\" data-font=\"Symbol\" data-listid=\"6\" data-list-defn-props=\"{&quot;335552541&quot;:1,&quot;335559683&quot;:0,&quot;335559684&quot;:-2,&quot;335559685&quot;:720,&quot;335559991&quot;:360,&quot;469769226&quot;:&quot;Symbol&quot;,&quot;469769242&quot;:[8226],&quot;469777803&quot;:&quot;left&quot;,&quot;469777804&quot;:&quot;\uf0b7&quot;,&quot;469777815&quot;:&quot;hybridMultilevel&quot;}\" aria-setsize=\"-1\" data-aria-posinset=\"8\" data-aria-level=\"1\"><a href=\"https:\/\/rdvcanada.ca\/fr\/produit\/toujours-en-mouvement\/\"><i><span data-contrast=\"none\">Still Moving<\/span><\/i><\/a> <span data-contrast=\"none\">de Rui Ting Ji\u202f| Qu\u00e9bec<\/span><\/li><li data-leveltext=\"\uf0b7\" data-font=\"Symbol\" data-listid=\"6\" data-list-defn-props=\"{&quot;335552541&quot;:1,&quot;335559683&quot;:0,&quot;335559684&quot;:-2,&quot;335559685&quot;:720,&quot;335559991&quot;:360,&quot;469769226&quot;:&quot;Symbol&quot;,&quot;469769242&quot;:[8226],&quot;469777803&quot;:&quot;left&quot;,&quot;469777804&quot;:&quot;\uf0b7&quot;,&quot;469777815&quot;:&quot;hybridMultilevel&quot;}\" aria-setsize=\"-1\" data-aria-posinset=\"8\" data-aria-level=\"1\"><a href=\"https:\/\/rdvcanada.ca\/fr\/produit\/the-palace\/\"><i><span data-contrast=\"none\">The Palace<\/span><\/i><\/a><span data-contrast=\"none\"> de Lauren Marsden\u202f| Colombie-Britannique<\/span><\/li><li data-leveltext=\"\uf0b7\" data-font=\"Symbol\" data-listid=\"6\" data-list-defn-props=\"{&quot;335552541&quot;:1,&quot;335559683&quot;:0,&quot;335559684&quot;:-2,&quot;335559685&quot;:720,&quot;335559991&quot;:360,&quot;469769226&quot;:&quot;Symbol&quot;,&quot;469769242&quot;:[8226],&quot;469777803&quot;:&quot;left&quot;,&quot;469777804&quot;:&quot;\uf0b7&quot;,&quot;469777815&quot;:&quot;hybridMultilevel&quot;}\" aria-setsize=\"-1\" data-aria-posinset=\"8\" data-aria-level=\"1\"><a href=\"https:\/\/rdvcanada.ca\/fr\/produit\/yves-et-ses-bonsais\/\"><i><span data-contrast=\"none\">Yves et ses bonsais<\/span><\/i><\/a><span data-contrast=\"none\"> d\u2019Ophelia Spinosa\u202f| Qu\u00e9bec<\/span><span data-ccp-props=\"{&quot;335559739&quot;:0}\">\u00a0<\/span><\/li><\/ul><p><span data-ccp-props=\"{}\">\u00a0<\/span><span data-contrast=\"auto\">En savoir plus sur les films <\/span><a href=\"https:\/\/rdvcanada.ca\/fr\/evenements\/talent-tout-court-a-cannes-2025\/\"><span data-contrast=\"none\">ici<\/span><\/a><span data-contrast=\"auto\">.\u00a0<\/span><span data-ccp-props=\"{}\">\u00a0<\/span><\/p>\t\t\t\t\t\t\t\t<\/div>\n\t\t\t\t<\/div>\n\t\t\t\t\t<\/div>\n\t\t<\/div>\n\t\t\t\t<div class=\"elementor-column elementor-col-50 elementor-top-column elementor-element elementor-element-d2d3e2e\" data-id=\"d2d3e2e\" data-element_type=\"column\" data-e-type=\"column\">\n\t\t\t<div class=\"elementor-widget-wrap elementor-element-populated\">\n\t\t\t\t\t\t<div class=\"elementor-element elementor-element-1aefe9b elementor-arrows-position-inside elementor-pagination-position-outside elementor-widget elementor-widget-image-carousel\" data-id=\"1aefe9b\" data-element_type=\"widget\" data-e-type=\"widget\" data-settings=\"{&quot;slides_to_show&quot;:&quot;1&quot;,&quot;navigation&quot;:&quot;both&quot;,&quot;autoplay&quot;:&quot;yes&quot;,&quot;pause_on_hover&quot;:&quot;yes&quot;,&quot;pause_on_interaction&quot;:&quot;yes&quot;,&quot;autoplay_speed&quot;:5000,&quot;infinite&quot;:&quot;yes&quot;,&quot;effect&quot;:&quot;slide&quot;,&quot;speed&quot;:500}\" data-widget_type=\"image-carousel.default\">\n\t\t\t\t<div class=\"elementor-widget-container\">\n\t\t\t\t\t\t\t<div class=\"elementor-image-carousel-wrapper swiper\" role=\"region\" aria-roledescription=\"carousel\" aria-label=\"Image Carousel\" dir=\"ltr\">\n\t\t\t<div class=\"elementor-image-carousel swiper-wrapper\" aria-live=\"off\">\n\t\t\t\t\t\t\t\t<div class=\"swiper-slide\" role=\"group\" aria-roledescription=\"slide\" aria-label=\"1 of 7\"><figure class=\"swiper-slide-inner\"><img decoding=\"async\" class=\"swiper-slide-image\" src=\"https:\/\/rdvcanada.ca\/wp-content\/uploads\/2018\/01\/7.jpg\" alt=\"Boa\" loading=\"lazy\" \/><figcaption class=\"elementor-image-carousel-caption\">Boa<\/figcaption><\/figure><\/div><div class=\"swiper-slide\" role=\"group\" aria-roledescription=\"slide\" aria-label=\"2 of 7\"><figure class=\"swiper-slide-inner\"><img decoding=\"async\" class=\"swiper-slide-image\" src=\"https:\/\/rdvcanada.ca\/wp-content\/uploads\/2018\/01\/8.jpg\" alt=\"En plein air\" loading=\"lazy\" \/><figcaption class=\"elementor-image-carousel-caption\">En plein air<\/figcaption><\/figure><\/div><div class=\"swiper-slide\" role=\"group\" aria-roledescription=\"slide\" aria-label=\"3 of 7\"><figure class=\"swiper-slide-inner\"><img decoding=\"async\" class=\"swiper-slide-image\" src=\"https:\/\/rdvcanada.ca\/wp-content\/uploads\/2018\/01\/9.jpg\" alt=\"I Hate Babies\" loading=\"lazy\" \/><figcaption class=\"elementor-image-carousel-caption\">I Hate Babies<\/figcaption><\/figure><\/div><div class=\"swiper-slide\" role=\"group\" aria-roledescription=\"slide\" aria-label=\"4 of 7\"><figure class=\"swiper-slide-inner\"><img decoding=\"async\" class=\"swiper-slide-image\" src=\"https:\/\/rdvcanada.ca\/wp-content\/uploads\/2018\/01\/10.jpg\" alt=\"Sitting Bird\" loading=\"lazy\" \/><figcaption class=\"elementor-image-carousel-caption\">Sitting Bird<\/figcaption><\/figure><\/div><div class=\"swiper-slide\" role=\"group\" aria-roledescription=\"slide\" aria-label=\"5 of 7\"><figure class=\"swiper-slide-inner\"><img decoding=\"async\" class=\"swiper-slide-image\" src=\"https:\/\/rdvcanada.ca\/wp-content\/uploads\/2018\/01\/11.jpg\" alt=\"Still Moving\" loading=\"lazy\" \/><figcaption class=\"elementor-image-carousel-caption\">Still Moving<\/figcaption><\/figure><\/div><div class=\"swiper-slide\" role=\"group\" aria-roledescription=\"slide\" aria-label=\"6 of 7\"><figure class=\"swiper-slide-inner\"><img decoding=\"async\" class=\"swiper-slide-image\" src=\"https:\/\/rdvcanada.ca\/wp-content\/uploads\/2018\/01\/12.jpg\" alt=\"The Palace\" loading=\"lazy\" \/><figcaption class=\"elementor-image-carousel-caption\">The Palace<\/figcaption><\/figure><\/div><div class=\"swiper-slide\" role=\"group\" aria-roledescription=\"slide\" aria-label=\"7 of 7\"><figure class=\"swiper-slide-inner\"><img decoding=\"async\" class=\"swiper-slide-image\" src=\"https:\/\/rdvcanada.ca\/wp-content\/uploads\/2018\/01\/13.jpg\" alt=\"Yves et ses bonsais\" loading=\"lazy\" \/><figcaption class=\"elementor-image-carousel-caption\">Yves et ses bonsais<\/figcaption><\/figure><\/div>\t\t\t<\/div>\n\t\t\t\t\t\t\t\t\t\t\t\t<div class=\"elementor-swiper-button elementor-swiper-button-prev\" role=\"button\" tabindex=\"0\">\n\t\t\t\t\t\t<i aria-hidden=\"true\" class=\"eicon-chevron-left\"><\/i>\t\t\t\t\t<\/div>\n\t\t\t\t\t<div class=\"elementor-swiper-button elementor-swiper-button-next\" role=\"button\" tabindex=\"0\">\n\t\t\t\t\t\t<i aria-hidden=\"true\" class=\"eicon-chevron-right\"><\/i>\t\t\t\t\t<\/div>\n\t\t\t\t\n\t\t\t\t\t\t\t\t\t<div class=\"swiper-pagination\"><\/div>\n\t\t\t\t\t\t\t\t\t<\/div>\n\t\t\t\t\t\t<\/div>\n\t\t\t\t<\/div>\n\t\t\t\t\t<\/div>\n\t\t<\/div>\n\t\t\t\t\t<\/div>\n\t\t<\/section>\n\t\t\t\t<section class=\"elementor-section elementor-top-section elementor-element elementor-element-03f2e86 elementor-section-boxed elementor-section-height-default elementor-section-height-default\" data-id=\"03f2e86\" data-element_type=\"section\" data-e-type=\"section\">\n\t\t\t\t\t\t<div class=\"elementor-container elementor-column-gap-default\">\n\t\t\t\t\t<div class=\"elementor-column elementor-col-100 elementor-top-column elementor-element elementor-element-88aad37\" data-id=\"88aad37\" data-element_type=\"column\" data-e-type=\"column\">\n\t\t\t<div class=\"elementor-widget-wrap elementor-element-populated\">\n\t\t\t\t\t\t<div class=\"elementor-element elementor-element-0e63a65 elementor-widget elementor-widget-spacer\" data-id=\"0e63a65\" data-element_type=\"widget\" data-e-type=\"widget\" data-widget_type=\"spacer.default\">\n\t\t\t\t<div class=\"elementor-widget-container\">\n\t\t\t\t\t\t\t<div class=\"elementor-spacer\">\n\t\t\t<div class=\"elementor-spacer-inner\"><\/div>\n\t\t<\/div>\n\t\t\t\t\t\t<\/div>\n\t\t\t\t<\/div>\n\t\t\t\t<div class=\"elementor-element elementor-element-970620f elementor-widget elementor-widget-heading\" data-id=\"970620f\" data-element_type=\"widget\" data-e-type=\"widget\" data-widget_type=\"heading.default\">\n\t\t\t\t<div class=\"elementor-widget-container\">\n\t\t\t\t\t<h4 class=\"elementor-heading-title elementor-size-default\" id=\"frontieres-at-cannes\">Fronti\u00e8res at Cannes<\/h4>\t\t\t\t<\/div>\n\t\t\t\t<\/div>\n\t\t\t\t<div class=\"elementor-element elementor-element-409da9d elementor-widget elementor-widget-text-editor\" data-id=\"409da9d\" data-element_type=\"widget\" data-e-type=\"widget\" data-widget_type=\"text-editor.default\">\n\t\t\t\t<div class=\"elementor-widget-container\">\n\t\t\t\t\t\t\t\t\t<p><span data-contrast=\"auto\">Vous cherchez un excellent film de genre? Ne manquez pas les pr\u00e9sentations coparrain\u00e9es par le Festival international de films Fantasia, qui se d\u00e9roule \u00e0 Montr\u00e9al, et le March\u00e9 du Film!<\/span><span data-ccp-props=\"{}\">\u00a0<\/span><\/p><p><span data-contrast=\"auto\">FRONTI\u00c8RES est \u00e0 la fois <strong>un march\u00e9 de coproduction \u00e0 l\u2019\u00e9chelle internationale et une plateforme de r\u00e9seautage sp\u00e9cialis\u00e9e dans le financement et la coproduction pour les professionnels de l\u2019industrie du film de genre<\/strong> d\u2019Europe et d\u2019Am\u00e9rique du Nord.<\/span><span data-ccp-props=\"{}\">\u00a0<\/span><\/p>\t\t\t\t\t\t\t\t<\/div>\n\t\t\t\t<\/div>\n\t\t\t\t\t<\/div>\n\t\t<\/div>\n\t\t\t\t\t<\/div>\n\t\t<\/section>\n\t\t\t\t<section class=\"elementor-section elementor-top-section elementor-element elementor-element-360432d elementor-section-boxed elementor-section-height-default elementor-section-height-default\" data-id=\"360432d\" data-element_type=\"section\" data-e-type=\"section\">\n\t\t\t\t\t\t<div class=\"elementor-container elementor-column-gap-default\">\n\t\t\t\t\t<div class=\"elementor-column elementor-col-50 elementor-top-column elementor-element elementor-element-6dce043\" data-id=\"6dce043\" data-element_type=\"column\" data-e-type=\"column\">\n\t\t\t<div class=\"elementor-widget-wrap elementor-element-populated\">\n\t\t\t\t\t\t<div class=\"elementor-element elementor-element-7346b66 elementor-widget elementor-widget-text-editor\" data-id=\"7346b66\" data-element_type=\"widget\" data-e-type=\"widget\" data-widget_type=\"text-editor.default\">\n\t\t\t\t<div class=\"elementor-widget-container\">\n\t\t\t\t\t\t\t\t\t<p><a href=\"https:\/\/www.marchedufilm.com\/fr\/programs\/frontieres\/buyers-showcase\/\"><strong>Buyers Showcase<\/strong><\/a><\/p><p><span data-contrast=\"auto\">Les films de genre suivants, actuellement en postproduction, sont \u00e0 la recherche d\u2019agents de ventes, de distributeurs et de programmateurs de festivals. Un extrait de 10 minutes sera pr\u00e9sent\u00e9 pour chacun.<\/span><span data-ccp-props=\"{}\">\u00a0<\/span><\/p><ul><li data-leveltext=\"\uf0b7\" data-font=\"Symbol\" data-listid=\"4\" data-list-defn-props=\"{&quot;134225954&quot;:true,&quot;134225961&quot;:true,&quot;335552541&quot;:1,&quot;335559683&quot;:0,&quot;335559684&quot;:-2,&quot;335559685&quot;:720,&quot;335559991&quot;:360,&quot;469769226&quot;:&quot;Symbol&quot;,&quot;469769242&quot;:[8226],&quot;469777803&quot;:&quot;left&quot;,&quot;469777804&quot;:&quot;\uf0b7&quot;,&quot;469777815&quot;:&quot;hybridMultilevel&quot;}\" aria-setsize=\"-1\" data-aria-posinset=\"3\" data-aria-level=\"1\"><a href=\"https:\/\/rdvcanada.ca\/fr\/produit\/lenfant-disparu\/\"><span data-contrast=\"none\"><em>The Stolen Child<\/em><\/span><\/a><span data-contrast=\"none\"> de Sebastian McKinnon\u202f| Qu\u00e9bec<\/span><\/li><li data-leveltext=\"\uf0b7\" data-font=\"Symbol\" data-listid=\"4\" data-list-defn-props=\"{&quot;134225954&quot;:true,&quot;134225961&quot;:true,&quot;335552541&quot;:1,&quot;335559683&quot;:0,&quot;335559684&quot;:-2,&quot;335559685&quot;:720,&quot;335559991&quot;:360,&quot;469769226&quot;:&quot;Symbol&quot;,&quot;469769242&quot;:[8226],&quot;469777803&quot;:&quot;left&quot;,&quot;469777804&quot;:&quot;\uf0b7&quot;,&quot;469777815&quot;:&quot;hybridMultilevel&quot;}\" aria-setsize=\"-1\" data-aria-posinset=\"3\" data-aria-level=\"1\"><em><a href=\"https:\/\/rdvcanada.ca\/fr\/produit\/turn-it-up\/\">Turn It Up!<\/a><\/em><span data-contrast=\"none\"> de Samuel Scott | Ontario<\/span><span data-ccp-props=\"{&quot;335559739&quot;:0}\">\u00a0<\/span><\/li><\/ul>\t\t\t\t\t\t\t\t<\/div>\n\t\t\t\t<\/div>\n\t\t\t\t\t<\/div>\n\t\t<\/div>\n\t\t\t\t<div class=\"elementor-column elementor-col-50 elementor-top-column elementor-element elementor-element-ae8ae9e\" data-id=\"ae8ae9e\" data-element_type=\"column\" data-e-type=\"column\">\n\t\t\t<div class=\"elementor-widget-wrap elementor-element-populated\">\n\t\t\t\t\t\t<div class=\"elementor-element elementor-element-7fa377d elementor-widget elementor-widget-text-editor\" data-id=\"7fa377d\" data-element_type=\"widget\" data-e-type=\"widget\" data-widget_type=\"text-editor.default\">\n\t\t\t\t<div class=\"elementor-widget-container\">\n\t\t\t\t\t\t\t\t\t<p><a href=\"https:\/\/www.marchedufilm.com\/fr\/programs\/frontieres\/proof-of-concept\/\"><strong>Proof of Concept<\/strong><\/a><\/p><p><span data-contrast=\"auto\">Les \u00e9quipes de films pr\u00e9sentent des contenus originaux sous forme de teasers conceptuels \u00e0 un public compos\u00e9 de financiers potentiels, d\u2019agents de ventes et de distributeurs. Les films sont \u00e0 un stade avanc\u00e9 de leur financement.<\/span><span data-ccp-props=\"{}\">\u00a0<\/span><\/p><ul><li data-leveltext=\"\uf0b7\" data-font=\"Symbol\" data-listid=\"3\" data-list-defn-props=\"{&quot;335552541&quot;:1,&quot;335559683&quot;:0,&quot;335559684&quot;:-2,&quot;335559685&quot;:720,&quot;335559991&quot;:360,&quot;469769226&quot;:&quot;Symbol&quot;,&quot;469769242&quot;:[8226],&quot;469777803&quot;:&quot;left&quot;,&quot;469777804&quot;:&quot;\uf0b7&quot;,&quot;469777815&quot;:&quot;hybridMultilevel&quot;}\" aria-setsize=\"-1\" data-aria-posinset=\"3\" data-aria-level=\"1\"><a href=\"https:\/\/rdvcanada.ca\/fr\/produit\/ancestral-beasts\/\"><span data-contrast=\"none\"><em>Ancestral Beasts<\/em><\/span><\/a><span data-contrast=\"none\"> de Tim Riedel | Ontario<\/span><\/li><li data-leveltext=\"\uf0b7\" data-font=\"Symbol\" data-listid=\"3\" data-list-defn-props=\"{&quot;335552541&quot;:1,&quot;335559683&quot;:0,&quot;335559684&quot;:-2,&quot;335559685&quot;:720,&quot;335559991&quot;:360,&quot;469769226&quot;:&quot;Symbol&quot;,&quot;469769242&quot;:[8226],&quot;469777803&quot;:&quot;left&quot;,&quot;469777804&quot;:&quot;\uf0b7&quot;,&quot;469777815&quot;:&quot;hybridMultilevel&quot;}\" aria-setsize=\"-1\" data-aria-posinset=\"3\" data-aria-level=\"1\"><em><a href=\"https:\/\/rdvcanada.ca\/fr\/produit\/se-nourrir\/\">Feed<\/a><\/em><span data-contrast=\"none\"> de Nancy Urich | Nouvelle-\u00c9cosse<\/span><span data-ccp-props=\"{&quot;335559739&quot;:0}\">\u00a0<\/span><\/li><\/ul>\t\t\t\t\t\t\t\t<\/div>\n\t\t\t\t<\/div>\n\t\t\t\t\t<\/div>\n\t\t<\/div>\n\t\t\t\t\t<\/div>\n\t\t<\/section>\n\t\t\t\t<section class=\"elementor-section elementor-top-section elementor-element elementor-element-aba5bf8 elementor-section-boxed elementor-section-height-default elementor-section-height-default\" data-id=\"aba5bf8\" data-element_type=\"section\" data-e-type=\"section\">\n\t\t\t\t\t\t<div class=\"elementor-container elementor-column-gap-default\">\n\t\t\t\t\t<div class=\"elementor-column elementor-col-100 elementor-top-column elementor-element elementor-element-6b87947\" data-id=\"6b87947\" data-element_type=\"column\" data-e-type=\"column\">\n\t\t\t<div class=\"elementor-widget-wrap elementor-element-populated\">\n\t\t\t\t\t\t<div class=\"elementor-element elementor-element-a0f20e8 elementor-widget elementor-widget-spacer\" data-id=\"a0f20e8\" data-element_type=\"widget\" data-e-type=\"widget\" data-widget_type=\"spacer.default\">\n\t\t\t\t<div class=\"elementor-widget-container\">\n\t\t\t\t\t\t\t<div class=\"elementor-spacer\">\n\t\t\t<div class=\"elementor-spacer-inner\"><\/div>\n\t\t<\/div>\n\t\t\t\t\t\t<\/div>\n\t\t\t\t<\/div>\n\t\t\t\t<div class=\"elementor-element elementor-element-f758ffe elementor-widget elementor-widget-heading\" data-id=\"f758ffe\" data-element_type=\"widget\" data-e-type=\"widget\" data-widget_type=\"heading.default\">\n\t\t\t\t<div class=\"elementor-widget-container\">\n\t\t\t\t\t<h4 class=\"elementor-heading-title elementor-size-default\" id=\"animation-day\">Animation Day <\/h4>\t\t\t\t<\/div>\n\t\t\t\t<\/div>\n\t\t\t\t<div class=\"elementor-element elementor-element-d2eb269 elementor-widget elementor-widget-text-editor\" data-id=\"d2eb269\" data-element_type=\"widget\" data-e-type=\"widget\" data-widget_type=\"text-editor.default\">\n\t\t\t\t<div class=\"elementor-widget-container\">\n\t\t\t\t\t\t\t\t\t<p><span data-contrast=\"auto\">Le film <\/span><a href=\"https:\/\/www.marchedufilm.com\/fr\/projects\/julian\/\"><b><i><span data-contrast=\"none\">Juli\u00e0n<\/span><\/i><\/b><\/a> <span data-contrast=\"auto\">a \u00e9t\u00e9 s\u00e9lectionn\u00e9 pour participer \u00e0 la vitrine Annecy Animation Showcase! Ce film explore l\u2019h\u00e9ritage culturel d\u2019un enfant. R\u00e9alis\u00e9e par Louise Bagnall, il s\u2019agit \u00e9galement d\u2019une coproduction entre l\u2019Irlande, le Royaume-Uni, le Canada, le Danemark et le Luxembourg.<\/span><span data-ccp-props=\"{}\">\u00a0<\/span><\/p><p><span data-contrast=\"auto\">Le <a href=\"https:\/\/www.marchedufilm.com\/fr\/programs\/animation-day\/annecy-animation-showcase\/\">Annecy Animation Showcase<\/a>, coorganis\u00e9 par le March\u00e9 du Film et le Festival d\u2019Annecy, pr\u00e9sente une s\u00e9lection soign\u00e9e des projets anim\u00e9s les plus prometteurs du moment. Les \u00e9quipes cr\u00e9atives derri\u00e8re chaque projet sont invit\u00e9es \u00e0 Cannes pour pr\u00e9senter leurs id\u00e9es et concepts devant des agents de vente, des distributeurs et des programmateurs de festivals.<\/span><span data-ccp-props=\"{}\">\u00a0<\/span><\/p>\t\t\t\t\t\t\t\t<\/div>\n\t\t\t\t<\/div>\n\t\t\t\t\t<\/div>\n\t\t<\/div>\n\t\t\t\t\t<\/div>\n\t\t<\/section>\n\t\t\t\t<section class=\"elementor-section elementor-top-section elementor-element elementor-element-97f8d60 elementor-section-boxed elementor-section-height-default elementor-section-height-default\" data-id=\"97f8d60\" data-element_type=\"section\" data-e-type=\"section\">\n\t\t\t\t\t\t<div class=\"elementor-container elementor-column-gap-default\">\n\t\t\t\t\t<div class=\"elementor-column elementor-col-100 elementor-top-column elementor-element elementor-element-5bae443\" data-id=\"5bae443\" data-element_type=\"column\" data-e-type=\"column\">\n\t\t\t<div class=\"elementor-widget-wrap elementor-element-populated\">\n\t\t\t\t\t\t<div class=\"elementor-element elementor-element-dbdacc2 elementor-widget elementor-widget-spacer\" data-id=\"dbdacc2\" data-element_type=\"widget\" data-e-type=\"widget\" data-widget_type=\"spacer.default\">\n\t\t\t\t<div class=\"elementor-widget-container\">\n\t\t\t\t\t\t\t<div class=\"elementor-spacer\">\n\t\t\t<div class=\"elementor-spacer-inner\"><\/div>\n\t\t<\/div>\n\t\t\t\t\t\t<\/div>\n\t\t\t\t<\/div>\n\t\t\t\t\t<\/div>\n\t\t<\/div>\n\t\t\t\t\t<\/div>\n\t\t<\/section>\n\t\t\t\t<section class=\"elementor-section elementor-top-section elementor-element elementor-element-7f3ac08 elementor-section-boxed elementor-section-height-default elementor-section-height-default\" data-id=\"7f3ac08\" data-element_type=\"section\" data-e-type=\"section\">\n\t\t\t\t\t\t<div class=\"elementor-container elementor-column-gap-default\">\n\t\t\t\t\t<div class=\"elementor-column elementor-col-100 elementor-top-column elementor-element elementor-element-eef4265\" data-id=\"eef4265\" data-element_type=\"column\" data-e-type=\"column\">\n\t\t\t<div class=\"elementor-widget-wrap elementor-element-populated\">\n\t\t\t\t\t\t<div class=\"elementor-element elementor-element-477297a elementor-widget elementor-widget-heading\" data-id=\"477297a\" data-element_type=\"widget\" data-e-type=\"widget\" data-widget_type=\"heading.default\">\n\t\t\t\t<div class=\"elementor-widget-container\">\n\t\t\t\t\t<h3 class=\"elementor-heading-title elementor-size-default\" id=\"panels-et-reseautage\">Panels et r\u00e9seautage<\/h3>\t\t\t\t<\/div>\n\t\t\t\t<\/div>\n\t\t\t\t<div class=\"elementor-element elementor-element-46923dd elementor-widget elementor-widget-spacer\" data-id=\"46923dd\" data-element_type=\"widget\" data-e-type=\"widget\" data-widget_type=\"spacer.default\">\n\t\t\t\t<div class=\"elementor-widget-container\">\n\t\t\t\t\t\t\t<div class=\"elementor-spacer\">\n\t\t\t<div class=\"elementor-spacer-inner\"><\/div>\n\t\t<\/div>\n\t\t\t\t\t\t<\/div>\n\t\t\t\t<\/div>\n\t\t\t\t<div class=\"elementor-element elementor-element-d4bb176 elementor-widget elementor-widget-heading\" data-id=\"d4bb176\" data-element_type=\"widget\" data-e-type=\"widget\" data-widget_type=\"heading.default\">\n\t\t\t\t<div class=\"elementor-widget-container\">\n\t\t\t\t\t<h4 class=\"elementor-heading-title elementor-size-default\" id=\"panel-canada-partenaire-de-choix-maximiser-les-opportunites-de-coproduction\">Panel - Canada Partenaire de choix: Maximiser les opportunit\u00e9s de coproduction<\/h4>\t\t\t\t<\/div>\n\t\t\t\t<\/div>\n\t\t\t\t\t<\/div>\n\t\t<\/div>\n\t\t\t\t\t<\/div>\n\t\t<\/section>\n\t\t\t\t<section class=\"elementor-section elementor-top-section elementor-element elementor-element-23ef23a elementor-section-boxed elementor-section-height-default elementor-section-height-default\" data-id=\"23ef23a\" data-element_type=\"section\" data-e-type=\"section\">\n\t\t\t\t\t\t<div class=\"elementor-container elementor-column-gap-default\">\n\t\t\t\t\t<div class=\"elementor-column elementor-col-50 elementor-top-column elementor-element elementor-element-be3fda2\" data-id=\"be3fda2\" data-element_type=\"column\" data-e-type=\"column\">\n\t\t\t<div class=\"elementor-widget-wrap elementor-element-populated\">\n\t\t\t\t\t\t<div class=\"elementor-element elementor-element-81d4682 elementor-widget elementor-widget-text-editor\" data-id=\"81d4682\" data-element_type=\"widget\" data-e-type=\"widget\" data-widget_type=\"text-editor.default\">\n\t\t\t\t<div class=\"elementor-widget-container\">\n\t\t\t\t\t\t\t\t\t<p><span data-contrast=\"auto\">Voulez-vous produire votre prochain projet avec le Canada? <\/span><a href=\"https:\/\/www.eventbrite.ca\/e\/canada-partner-of-choice-maximizing-coproduction-opportunities-tickets-1323763294649?aff=oddtdtcreator\"><span data-contrast=\"none\">Ajoutez cette table ronde \u00e0 votre agenda!<\/span><\/a><span data-ccp-props=\"{}\">\u00a0<\/span><\/p><p><span data-contrast=\"auto\">Au programme : incitations financi\u00e8res r\u00e9gionales, avantages de la coproduction entre les provinces, ressources pour les producteurs, et plus encore! Des repr\u00e9sentants de la Colombie-Britannique, du Manitoba, de l\u2019Ontario et de Terre-Neuve-et-Labrador prendront la parole lors du panel.<\/span><span data-ccp-props=\"{}\">\u00a0<\/span><\/p><p><strong>16 mai | 10 h 15 \u00e0 11 h 30 | Pavillon du Canada, stand no 127\u00a0<\/strong><\/p>\t\t\t\t\t\t\t\t<\/div>\n\t\t\t\t<\/div>\n\t\t\t\t\t<\/div>\n\t\t<\/div>\n\t\t\t\t<div class=\"elementor-column elementor-col-50 elementor-top-column elementor-element elementor-element-f8877eb\" data-id=\"f8877eb\" data-element_type=\"column\" data-e-type=\"column\">\n\t\t\t<div class=\"elementor-widget-wrap elementor-element-populated\">\n\t\t\t\t\t\t<div class=\"elementor-element elementor-element-3f1897e elementor-widget elementor-widget-image\" data-id=\"3f1897e\" data-element_type=\"widget\" data-e-type=\"widget\" data-widget_type=\"image.default\">\n\t\t\t\t<div class=\"elementor-widget-container\">\n\t\t\t\t\t\t\t\t\t\t\t\t\t\t\t<img fetchpriority=\"high\" decoding=\"async\" width=\"702\" height=\"280\" src=\"https:\/\/rdvcanada.ca\/wp-content\/uploads\/2025\/02\/Map-of-Canada3-2.jpg\" class=\"attachment-full size-full wp-image-97790\" alt=\"\" \/>\t\t\t\t\t\t\t\t\t\t\t\t\t\t\t<\/div>\n\t\t\t\t<\/div>\n\t\t\t\t\t<\/div>\n\t\t<\/div>\n\t\t\t\t\t<\/div>\n\t\t<\/section>\n\t\t\t\t<section class=\"elementor-section elementor-top-section elementor-element elementor-element-16ed66d elementor-section-boxed elementor-section-height-default elementor-section-height-default\" data-id=\"16ed66d\" data-element_type=\"section\" data-e-type=\"section\">\n\t\t\t\t\t\t<div class=\"elementor-container elementor-column-gap-default\">\n\t\t\t\t\t<div class=\"elementor-column elementor-col-100 elementor-top-column elementor-element elementor-element-a0e5d8c\" data-id=\"a0e5d8c\" data-element_type=\"column\" data-e-type=\"column\">\n\t\t\t<div class=\"elementor-widget-wrap elementor-element-populated\">\n\t\t\t\t\t\t<div class=\"elementor-element elementor-element-0ce16f7 elementor-widget elementor-widget-spacer\" data-id=\"0ce16f7\" data-element_type=\"widget\" data-e-type=\"widget\" data-widget_type=\"spacer.default\">\n\t\t\t\t<div class=\"elementor-widget-container\">\n\t\t\t\t\t\t\t<div class=\"elementor-spacer\">\n\t\t\t<div class=\"elementor-spacer-inner\"><\/div>\n\t\t<\/div>\n\t\t\t\t\t\t<\/div>\n\t\t\t\t<\/div>\n\t\t\t\t<div class=\"elementor-element elementor-element-772ebbb elementor-widget elementor-widget-heading\" data-id=\"772ebbb\" data-element_type=\"widget\" data-e-type=\"widget\" data-widget_type=\"heading.default\">\n\t\t\t\t<div class=\"elementor-widget-container\">\n\t\t\t\t\t<h4 class=\"elementor-heading-title elementor-size-default\" id=\"impact-labs\">ImpACT Labs <\/h4>\t\t\t\t<\/div>\n\t\t\t\t<\/div>\n\t\t\t\t<div class=\"elementor-element elementor-element-4e82606 elementor-widget elementor-widget-text-editor\" data-id=\"4e82606\" data-element_type=\"widget\" data-e-type=\"widget\" data-widget_type=\"text-editor.default\">\n\t\t\t\t<div class=\"elementor-widget-container\">\n\t\t\t\t\t\t\t\t\t<p><span class=\"TextRun SCXW241181082 BCX0\" lang=\"FR-FR\" xml:lang=\"FR-FR\" data-contrast=\"auto\"><span class=\"NormalTextRun SCXW241181082 BCX0\">Les productrices canadiennes <\/span><span class=\"NormalTextRun CommentStart CommentHighlightPipeRest CommentHighlightRest SCXW241181082 BCX0\">Kathy-Ann Thomas<\/span><span class=\"NormalTextRun CommentHighlightPipeRest SCXW241181082 BCX0\"> et <\/span><span class=\"NormalTextRun CommentStart SpellingErrorV2Themed CommentHighlightPipeRest CommentHighlightRest SCXW241181082 BCX0\">Sholeh<\/span> <span class=\"NormalTextRun SpellingErrorV2Themed CommentHighlightRest SCXW241181082 BCX0\">Alemi<\/span> <span class=\"NormalTextRun CommentHighlightRest SCXW241181082 BCX0\">Fabbr<\/span><span class=\"NormalTextRun CommentHighlightPipeRest SCXW241181082 BCX0\">i<\/span><span class=\"NormalTextRun SCXW241181082 BCX0\"> ont \u00e9t\u00e9 s\u00e9lectionn\u00e9es pour <\/span><span class=\"NormalTextRun SpellingErrorV2Themed SCXW241181082 BCX0\">l\u2019im<\/span><span class=\"NormalTextRun SpellingErrorV2Themed SCXW241181082 BCX0\">p<\/span><span class=\"NormalTextRun SpellingErrorV2Themed SCXW241181082 BCX0\">ACT<\/span> <span class=\"NormalTextRun SpellingErrorV2Themed SCXW241181082 BCX0\">Lab<\/span><span class=\"NormalTextRun SCXW241181082 BCX0\"> de cette ann\u00e9e \u00e0 Cannes<\/span><span class=\"NormalTextRun SCXW241181082 BCX0\">!<\/span> <strong><span class=\"NormalTextRun SCXW241181082 BCX0\">Chacun d\u00e9veloppe un long m\u00e9trage de fiction avec un potentiel de coproduction et un financement d\u00e9j\u00e0 amorc\u00e9.<\/span><\/strong><\/span><strong><span class=\"EOP SCXW241181082 BCX0\" data-ccp-props=\"{}\">\u00a0<\/span><\/strong><\/p>\t\t\t\t\t\t\t\t<\/div>\n\t\t\t\t<\/div>\n\t\t\t\t\t<\/div>\n\t\t<\/div>\n\t\t\t\t\t<\/div>\n\t\t<\/section>\n\t\t\t\t<section class=\"elementor-section elementor-top-section elementor-element elementor-element-79b80e2 elementor-section-boxed elementor-section-height-default elementor-section-height-default\" data-id=\"79b80e2\" data-element_type=\"section\" data-e-type=\"section\">\n\t\t\t\t\t\t<div class=\"elementor-container elementor-column-gap-default\">\n\t\t\t\t\t<div class=\"elementor-column elementor-col-50 elementor-top-column elementor-element elementor-element-885ecc1\" data-id=\"885ecc1\" data-element_type=\"column\" data-e-type=\"column\">\n\t\t\t<div class=\"elementor-widget-wrap elementor-element-populated\">\n\t\t\t\t\t\t<div class=\"elementor-element elementor-element-1b23ec0 elementor-widget elementor-widget-text-editor\" data-id=\"1b23ec0\" data-element_type=\"widget\" data-e-type=\"widget\" data-widget_type=\"text-editor.default\">\n\t\t\t\t<div class=\"elementor-widget-container\">\n\t\t\t\t\t\t\t\t\t<p><span data-contrast=\"auto\">\u00a0<\/span><a href=\"https:\/\/rdvcanada.ca\/fr\/creer-avec-le-canada\/trouver-des-partenaires-creatifs\/producteurs\/sholeh-alemi-fabbri\/\"><span data-contrast=\"none\">Sholeh Alemi Fabbri<\/span><\/a><span data-contrast=\"none\"> &#8211; <\/span><a href=\"https:\/\/rdvcanada.ca\/fr\/creer-avec-le-canada\/trouver-des-partenaires-creatifs\/compagnies\/good-measure-productions\/\"><span data-contrast=\"none\">Good Measure Productions<\/span><\/a><span data-ccp-props=\"{&quot;335559685&quot;:720}\">\u00a0<\/span><\/p><p><span class=\"TextRun SCXW57299483 BCX0\" lang=\"FR-FR\" xml:lang=\"FR-FR\" data-contrast=\"none\"><span class=\"NormalTextRun SpellingErrorV2Themed SCXW57299483 BCX0\">Sholeh<\/span> <span class=\"NormalTextRun SCXW57299483 BCX0\">Alemi<\/span><span class=\"NormalTextRun SCXW57299483 BCX0\"> Fabbri a fond\u00e9 Good <\/span><span class=\"NormalTextRun SCXW57299483 BCX0\">Measure<\/span><span class=\"NormalTextRun SCXW57299483 BCX0\"> Productions en 2021, produisant des films percutants comme le court-m\u00e9trage anim\u00e9 prim\u00e9\u00a0<\/span><\/span><em><span class=\"TextRun SCXW57299483 BCX0\" lang=\"FR-FR\" xml:lang=\"FR-FR\" data-contrast=\"none\"><span class=\"NormalTextRun SCXW57299483 BCX0\">Meteor<\/span><\/span><\/em><span class=\"TextRun SCXW57299483 BCX0\" lang=\"FR-FR\" xml:lang=\"FR-FR\" data-contrast=\"none\"><span class=\"NormalTextRun SCXW57299483 BCX0\"><em>\u00a0<\/em>(TIFF \u201923) de <\/span><span class=\"NormalTextRun SpellingErrorV2Themed SCXW57299483 BCX0\">Atefeh<\/span> <span class=\"NormalTextRun SpellingErrorV2Themed SCXW57299483 BCX0\">Khademolreza<\/span><span class=\"NormalTextRun SCXW57299483 BCX0\">. Elle est actuellement en train de d\u00e9velopper le long-m\u00e9trage de fantasy-r\u00e9alisme\u00a0<\/span><\/span><em><span class=\"TextRun SCXW57299483 BCX0\" lang=\"FR-FR\" xml:lang=\"FR-FR\" data-contrast=\"none\"><span class=\"NormalTextRun SCXW57299483 BCX0\">Eclipse<\/span><\/span><\/em><span class=\"TextRun SCXW57299483 BCX0\" lang=\"FR-FR\" xml:lang=\"FR-FR\" data-contrast=\"none\"><span class=\"NormalTextRun SCXW57299483 BCX0\"><em>\u00a0<\/em>de <\/span><span class=\"NormalTextRun SCXW57299483 BCX0\">Atefeh<\/span><span class=\"NormalTextRun SCXW57299483 BCX0\"> et Samuel <\/span><span class=\"NormalTextRun SpellingErrorV2Themed SCXW57299483 BCX0\">Kiehoon<\/span><span class=\"NormalTextRun SCXW57299483 BCX0\"> Lee, avec la productrice Heather Haldane (<\/span><em><span class=\"NormalTextRun SpellingErrorV2Themed SCXW57299483 BCX0\">Maudie<\/span><\/em><span class=\"NormalTextRun SCXW57299483 BCX0\">). Elle si\u00e8ge au conseil d\u2019administration de Artists for <\/span><span class=\"NormalTextRun SpellingErrorV2Themed SCXW57299483 BCX0\">Peace<\/span><span class=\"NormalTextRun SCXW57299483 BCX0\"> and Justice et est membre de la CMPA.<\/span><\/span><span class=\"EOP SCXW57299483 BCX0\" data-ccp-props=\"{}\">\u00a0<\/span><\/p>\t\t\t\t\t\t\t\t<\/div>\n\t\t\t\t<\/div>\n\t\t\t\t\t<\/div>\n\t\t<\/div>\n\t\t\t\t<div class=\"elementor-column elementor-col-50 elementor-top-column elementor-element elementor-element-9af7c0e\" data-id=\"9af7c0e\" data-element_type=\"column\" data-e-type=\"column\">\n\t\t\t<div class=\"elementor-widget-wrap elementor-element-populated\">\n\t\t\t\t\t\t<div class=\"elementor-element elementor-element-62a8c59 elementor-widget elementor-widget-text-editor\" data-id=\"62a8c59\" data-element_type=\"widget\" data-e-type=\"widget\" data-widget_type=\"text-editor.default\">\n\t\t\t\t<div class=\"elementor-widget-container\">\n\t\t\t\t\t\t\t\t\t<p><a href=\"https:\/\/rdvcanada.ca\/fr\/creer-avec-le-canada\/trouver-des-partenaires-creatifs\/producteurs\/kathy-ann-thomas\/\"><span data-contrast=\"none\">Kathy-Ann Thomas<\/span><\/a><span data-contrast=\"none\"> &#8211; <a href=\"https:\/\/rdvcanada.ca\/fr\/creer-avec-le-canada\/trouver-des-partenaires-creatifs\/compagnies\/cotton-bush-productions\/\">Cotton Bush Productions<\/a><\/span><span data-ccp-props=\"{&quot;335559739&quot;:0}\">\u00a0<\/span><\/p><p><span class=\"TextRun SCXW206301699 BCX0\" lang=\"FR-FR\" xml:lang=\"FR-FR\" data-contrast=\"none\"><span class=\"NormalTextRun SCXW206301699 BCX0\">Kathy-Ann Thomas, productrice canadienne d\u2019origine grenadienne, poss\u00e8de plus de 20 ans d\u2019exp\u00e9rience dans l\u2019industrie cin\u00e9matographique et t\u00e9l\u00e9visuelle. En tant que minorit\u00e9 anglophone au Qu\u00e9bec, elle a fond\u00e9 Cotton Bush Productions pour amplifier les voix diversifi\u00e9es. Ses courts-m\u00e9trages prim\u00e9s incluent\u00a0<\/span><\/span><em><span class=\"TextRun SCXW206301699 BCX0\" lang=\"FR-FR\" xml:lang=\"FR-FR\" data-contrast=\"none\"><span class=\"NormalTextRun SCXW206301699 BCX0\">SNOW<\/span><\/span><\/em><span class=\"TextRun SCXW206301699 BCX0\" lang=\"FR-FR\" xml:lang=\"FR-FR\" data-contrast=\"none\"><span class=\"NormalTextRun SCXW206301699 BCX0\">,\u00a0<\/span><\/span><em><span class=\"TextRun SCXW206301699 BCX0\" lang=\"FR-FR\" xml:lang=\"FR-FR\" data-contrast=\"none\"><span class=\"NormalTextRun SCXW206301699 BCX0\">RED RUBY<\/span><\/span><span class=\"TextRun SCXW206301699 BCX0\" lang=\"FR-FR\" xml:lang=\"FR-FR\" data-contrast=\"none\"><span class=\"NormalTextRun SCXW206301699 BCX0\">,\u00a0<\/span><\/span><span class=\"TextRun SCXW206301699 BCX0\" lang=\"FR-FR\" xml:lang=\"FR-FR\" data-contrast=\"none\"><span class=\"NormalTextRun SCXW206301699 BCX0\">A LATE THAW<\/span><\/span><\/em><span class=\"TextRun SCXW206301699 BCX0\" lang=\"FR-FR\" xml:lang=\"FR-FR\" data-contrast=\"none\"><span class=\"NormalTextRun SCXW206301699 BCX0\">\u00a0et\u00a0<\/span><\/span><em><span class=\"TextRun SCXW206301699 BCX0\" lang=\"FR-FR\" xml:lang=\"FR-FR\" data-contrast=\"none\"><span class=\"NormalTextRun SCXW206301699 BCX0\">THE CRADLE<\/span><\/span><\/em><span class=\"TextRun SCXW206301699 BCX0\" lang=\"FR-FR\" xml:lang=\"FR-FR\" data-contrast=\"none\"><span class=\"NormalTextRun SCXW206301699 BCX0\">, avec\u00a0<\/span><\/span><em><span class=\"TextRun SCXW206301699 BCX0\" lang=\"FR-FR\" xml:lang=\"FR-FR\" data-contrast=\"none\"><span class=\"NormalTextRun SCXW206301699 BCX0\">CROCUS<\/span><\/span><\/em><span class=\"TextRun SCXW206301699 BCX0\" lang=\"FR-FR\" xml:lang=\"FR-FR\" data-contrast=\"none\"><span class=\"NormalTextRun SCXW206301699 BCX0\"><em>\u00a0<\/em>en post-production. Elle d\u00e9veloppe actuellement les longs-m\u00e9trages\u00a0<\/span><\/span><em><span class=\"TextRun SCXW206301699 BCX0\" lang=\"FR-FR\" xml:lang=\"FR-FR\" data-contrast=\"none\"><span class=\"NormalTextRun SCXW206301699 BCX0\">MOVING DAY<\/span><\/span><span class=\"TextRun SCXW206301699 BCX0\" lang=\"FR-FR\" xml:lang=\"FR-FR\" data-contrast=\"none\"><span class=\"NormalTextRun SCXW206301699 BCX0\">,\u00a0<\/span><\/span><span class=\"TextRun SCXW206301699 BCX0\" lang=\"FR-FR\" xml:lang=\"FR-FR\" data-contrast=\"none\"><span class=\"NormalTextRun SCXW206301699 BCX0\">HEGEMON<\/span><\/span><\/em><span class=\"TextRun SCXW206301699 BCX0\" lang=\"FR-FR\" xml:lang=\"FR-FR\" data-contrast=\"none\"><span class=\"NormalTextRun SCXW206301699 BCX0\">\u00a0et\u00a0<\/span><\/span><em><span class=\"TextRun SCXW206301699 BCX0\" lang=\"FR-FR\" xml:lang=\"FR-FR\" data-contrast=\"none\"><span class=\"NormalTextRun SCXW206301699 BCX0\">FINDING MERCY<\/span><\/span><\/em><span class=\"TextRun SCXW206301699 BCX0\" lang=\"FR-FR\" xml:lang=\"FR-FR\" data-contrast=\"none\"><span class=\"NormalTextRun SCXW206301699 BCX0\">, ainsi que deux s\u00e9ries.<\/span><\/span><span class=\"EOP SCXW206301699 BCX0\" data-ccp-props=\"{&quot;134233117&quot;:false,&quot;134233118&quot;:false,&quot;335551550&quot;:1,&quot;335551620&quot;:1,&quot;335557856&quot;:16777215,&quot;335559738&quot;:0,&quot;335559739&quot;:0}\">\u00a0<\/span><\/p>\t\t\t\t\t\t\t\t<\/div>\n\t\t\t\t<\/div>\n\t\t\t\t\t<\/div>\n\t\t<\/div>\n\t\t\t\t\t<\/div>\n\t\t<\/section>\n\t\t\t\t<section class=\"elementor-section elementor-top-section elementor-element elementor-element-655321a elementor-section-boxed elementor-section-height-default elementor-section-height-default\" data-id=\"655321a\" data-element_type=\"section\" data-e-type=\"section\">\n\t\t\t\t\t\t<div class=\"elementor-container elementor-column-gap-default\">\n\t\t\t\t\t<div class=\"elementor-column elementor-col-100 elementor-top-column elementor-element elementor-element-c66fcc3\" data-id=\"c66fcc3\" data-element_type=\"column\" data-e-type=\"column\">\n\t\t\t<div class=\"elementor-widget-wrap elementor-element-populated\">\n\t\t\t\t\t\t<div class=\"elementor-element elementor-element-5dd51b6 elementor-widget elementor-widget-text-editor\" data-id=\"5dd51b6\" data-element_type=\"widget\" data-e-type=\"widget\" data-widget_type=\"text-editor.default\">\n\t\t\t\t<div class=\"elementor-widget-container\">\n\t\t\t\t\t\t\t\t\t<p><span class=\"TextRun SCXW172521705 BCX0\" lang=\"FR-FR\" xml:lang=\"FR-FR\" data-contrast=\"auto\"><a href=\"https:\/\/www.marchedufilm.com\/fr\/programs\/impact\/impact-lab\/\"><span class=\"NormalTextRun SpellingErrorV2Themed SCXW172521705 BCX0\">im<\/span><span class=\"NormalTextRun SpellingErrorV2Themed SCXW172521705 BCX0\">p<\/span><span class=\"NormalTextRun SpellingErrorV2Themed SCXW172521705 BCX0\">ACT<\/span> <span class=\"NormalTextRun SpellingErrorV2Themed SCXW172521705 BCX0\">Lab<\/span><\/a><span class=\"NormalTextRun SCXW172521705 BCX0\"> r\u00e9unit de <\/span><span class=\"NormalTextRun SCXW172521705 BCX0\">professionnels exp\u00e9riment\u00e9s et \u00e9mergents <\/span><span class=\"NormalTextRun SCXW172521705 BCX0\">issus d\u2019institutions partenaires pour faire rayonner leurs projets sur la sc\u00e8ne internationale<\/span><span class=\"NormalTextRun SCXW172521705 BCX0\">,<\/span><\/span><span class=\"TextRun SCXW172521705 BCX0\" lang=\"EN-CA\" xml:lang=\"EN-CA\" data-contrast=\"auto\"> <span class=\"NormalTextRun SpellingErrorV2Themed SCXW172521705 BCX0\">renforcer<\/span><span class=\"NormalTextRun SCXW172521705 BCX0\"> les coproductions et <\/span><span class=\"NormalTextRun SpellingErrorV2Themed SCXW172521705 BCX0\">d\u00e9fendre<\/span> <span class=\"NormalTextRun SpellingErrorV2Themed SCXW172521705 BCX0\">une<\/span> <span class=\"NormalTextRun SpellingErrorV2Themed SCXW172521705 BCX0\">industrie<\/span> <span class=\"NormalTextRun SpellingErrorV2Themed SCXW172521705 BCX0\">cin\u00e9matographique<\/span> <span class=\"NormalTextRun SpellingErrorV2Themed SCXW172521705 BCX0\">diversifi\u00e9e<\/span><span class=\"NormalTextRun SCXW172521705 BCX0\">.<\/span><\/span><span class=\"EOP SCXW172521705 BCX0\" data-ccp-props=\"{&quot;335559738&quot;:240,&quot;335559739&quot;:240}\">\u00a0<\/span><\/p>\t\t\t\t\t\t\t\t<\/div>\n\t\t\t\t<\/div>\n\t\t\t\t\t<\/div>\n\t\t<\/div>\n\t\t\t\t\t<\/div>\n\t\t<\/section>\n\t\t\t\t<section class=\"elementor-section elementor-top-section elementor-element elementor-element-57ec329 elementor-section-boxed elementor-section-height-default elementor-section-height-default\" data-id=\"57ec329\" data-element_type=\"section\" data-e-type=\"section\">\n\t\t\t\t\t\t<div class=\"elementor-container elementor-column-gap-default\">\n\t\t\t\t\t<div class=\"elementor-column elementor-col-100 elementor-top-column elementor-element elementor-element-6f28097\" data-id=\"6f28097\" data-element_type=\"column\" data-e-type=\"column\">\n\t\t\t<div class=\"elementor-widget-wrap elementor-element-populated\">\n\t\t\t\t\t\t<div class=\"elementor-element elementor-element-3a9cb6c elementor-widget elementor-widget-spacer\" data-id=\"3a9cb6c\" data-element_type=\"widget\" data-e-type=\"widget\" data-widget_type=\"spacer.default\">\n\t\t\t\t<div class=\"elementor-widget-container\">\n\t\t\t\t\t\t\t<div class=\"elementor-spacer\">\n\t\t\t<div class=\"elementor-spacer-inner\"><\/div>\n\t\t<\/div>\n\t\t\t\t\t\t<\/div>\n\t\t\t\t<\/div>\n\t\t\t\t<div class=\"elementor-element elementor-element-ff8f9d8 elementor-widget elementor-widget-text-editor\" data-id=\"ff8f9d8\" data-element_type=\"widget\" data-e-type=\"widget\" data-widget_type=\"text-editor.default\">\n\t\t\t\t<div class=\"elementor-widget-container\">\n\t\t\t\t\t\t\t\t\t<h5><a href=\"https:\/\/rdvcanada.ca\/fr\/festivals\/cannes-2025\/programmation\/\">Consultez notre section sur la programmation pour obtenir plus de d\u00e9tails sur les activit\u00e9s du Canada \u00e0 Cannes!<\/a><\/h5>\t\t\t\t\t\t\t\t<\/div>\n\t\t\t\t<\/div>\n\t\t\t\t\t<\/div>\n\t\t<\/div>\n\t\t\t\t\t<\/div>\n\t\t<\/section>\n\t\t\t\t<\/div>\n\t\t","protected":false},"excerpt":{"rendered":"<p>Le Festival du film de Cannes est l&#8217;un des plus&#8230;<\/p>\n","protected":false},"author":1203,"featured_media":99036,"comment_status":"closed","ping_status":"closed","sticky":false,"template":"","format":"standard","meta":{"_acf_changed":false,"_crdt_document":"","footnotes":""},"categories":[331,335],"tags":[],"class_list":["post-99045","post","type-post","status-publish","format-standard","has-post-thumbnail","hentry","category-evenements","category-incontournables","posts_festivals-cannes-2025-2"],"acf":[],"yoast_head":"<!-- This site is optimized with the Yoast SEO plugin v27.5 - https:\/\/yoast.com\/product\/yoast-seo-wordpress\/ -->\n<title>La pr\u00e9sence du Canada au Festival de Cannes et au March\u00e9 du Film 2025! - Industrie Audiovisuelle Canadienne<\/title>\n<meta name=\"description\" content=\"Le Festival du film de Cannes est l&#039;un des plus grands festivals de cin\u00e9ma au monde, attirant des centaines de milliers de spectateurs pour d\u00e9couvrir\" \/>\n<meta name=\"robots\" content=\"index, follow, max-snippet:-1, max-image-preview:large, max-video-preview:-1\" \/>\n<link rel=\"canonical\" href=\"https:\/\/rdvcanada.ca\/fr\/evenements\/la-presence-du-canada-au-festival-de-cannes-et-au-marche-du-film-2025\/\" \/>\n<meta property=\"og:locale\" content=\"fr_CA\" \/>\n<meta property=\"og:type\" content=\"article\" \/>\n<meta property=\"og:title\" content=\"La pr\u00e9sence du Canada au Festival de Cannes et au March\u00e9 du Film 2025! - Industrie Audiovisuelle Canadienne\" \/>\n<meta property=\"og:description\" content=\"Le Festival du film de Cannes est l&#039;un des plus grands festivals de cin\u00e9ma au monde, attirant des centaines de milliers de spectateurs pour d\u00e9couvrir\" \/>\n<meta property=\"og:url\" content=\"https:\/\/rdvcanada.ca\/fr\/evenements\/la-presence-du-canada-au-festival-de-cannes-et-au-marche-du-film-2025\/\" \/>\n<meta property=\"og:site_name\" content=\"RDVCanada.ca\" \/>\n<meta property=\"article:publisher\" content=\"https:\/\/www.facebook.com\/telefilmcanada\" \/>\n<meta property=\"article:published_time\" content=\"2025-05-13T20:52:00+00:00\" \/>\n<meta property=\"article:modified_time\" content=\"2025-05-15T21:00:08+00:00\" \/>\n<meta property=\"og:image\" content=\"https:\/\/rdvcanada.ca\/wp-content\/uploads\/2025\/05\/RDV-Canada-Header.png\" \/>\n\t<meta property=\"og:image:width\" content=\"1920\" \/>\n\t<meta property=\"og:image:height\" content=\"800\" \/>\n\t<meta property=\"og:image:type\" content=\"image\/png\" \/>\n<meta name=\"author\" content=\"Jacqueline Geday\" \/>\n<meta name=\"twitter:card\" content=\"summary_large_image\" \/>\n<meta name=\"twitter:label1\" content=\"\u00c9crit par\" \/>\n\t<meta name=\"twitter:data1\" content=\"Jacqueline Geday\" \/>\n\t<meta name=\"twitter:label2\" content=\"Estimation du temps de lecture\" \/>\n\t<meta name=\"twitter:data2\" content=\"9 minutes\" \/>\n<script type=\"application\/ld+json\" class=\"yoast-schema-graph\">{\n\t    \"@context\": \"https:\\\/\\\/schema.org\",\n\t    \"@graph\": [\n\t        {\n\t            \"@type\": \"Article\",\n\t            \"@id\": \"https:\\\/\\\/rdvcanada.ca\\\/fr\\\/evenements\\\/la-presence-du-canada-au-festival-de-cannes-et-au-marche-du-film-2025\\\/#article\",\n\t            \"isPartOf\": {\n\t                \"@id\": \"https:\\\/\\\/rdvcanada.ca\\\/fr\\\/evenements\\\/la-presence-du-canada-au-festival-de-cannes-et-au-marche-du-film-2025\\\/\"\n\t            },\n\t            \"author\": {\n\t                \"name\": \"Jacqueline Geday\",\n\t                \"@id\": \"https:\\\/\\\/rdvcanada.ca\\\/en\\\/#\\\/schema\\\/person\\\/98d6309c732345896ce9faad2f123c83\"\n\t            },\n\t            \"headline\": \"La pr\u00e9sence du Canada au Festival de Cannes et au March\u00e9 du Film 2025!\",\n\t            \"datePublished\": \"2025-05-13T20:52:00+00:00\",\n\t            \"dateModified\": \"2025-05-15T21:00:08+00:00\",\n\t            \"mainEntityOfPage\": {\n\t                \"@id\": \"https:\\\/\\\/rdvcanada.ca\\\/fr\\\/evenements\\\/la-presence-du-canada-au-festival-de-cannes-et-au-marche-du-film-2025\\\/\"\n\t            },\n\t            \"wordCount\": 1342,\n\t            \"image\": {\n\t                \"@id\": \"https:\\\/\\\/rdvcanada.ca\\\/fr\\\/evenements\\\/la-presence-du-canada-au-festival-de-cannes-et-au-marche-du-film-2025\\\/#primaryimage\"\n\t            },\n\t            \"thumbnailUrl\": \"https:\\\/\\\/rdvcanada.ca\\\/wp-content\\\/uploads\\\/2025\\\/05\\\/RDV-Canada-Header.png\",\n\t            \"articleSection\": [\n\t                \"\u00c9v\u00e9nements\",\n\t                \"Incontournables\"\n\t            ],\n\t            \"inLanguage\": \"fr-CA\"\n\t        },\n\t        {\n\t            \"@type\": \"WebPage\",\n\t            \"@id\": \"https:\\\/\\\/rdvcanada.ca\\\/fr\\\/evenements\\\/la-presence-du-canada-au-festival-de-cannes-et-au-marche-du-film-2025\\\/\",\n\t            \"url\": \"https:\\\/\\\/rdvcanada.ca\\\/fr\\\/evenements\\\/la-presence-du-canada-au-festival-de-cannes-et-au-marche-du-film-2025\\\/\",\n\t            \"name\": \"La pr\u00e9sence du Canada au Festival de Cannes et au March\u00e9 du Film 2025! - Industrie Audiovisuelle Canadienne\",\n\t            \"isPartOf\": {\n\t                \"@id\": \"https:\\\/\\\/rdvcanada.ca\\\/en\\\/#website\"\n\t            },\n\t            \"primaryImageOfPage\": {\n\t                \"@id\": \"https:\\\/\\\/rdvcanada.ca\\\/fr\\\/evenements\\\/la-presence-du-canada-au-festival-de-cannes-et-au-marche-du-film-2025\\\/#primaryimage\"\n\t            },\n\t            \"image\": {\n\t                \"@id\": \"https:\\\/\\\/rdvcanada.ca\\\/fr\\\/evenements\\\/la-presence-du-canada-au-festival-de-cannes-et-au-marche-du-film-2025\\\/#primaryimage\"\n\t            },\n\t            \"thumbnailUrl\": \"https:\\\/\\\/rdvcanada.ca\\\/wp-content\\\/uploads\\\/2025\\\/05\\\/RDV-Canada-Header.png\",\n\t            \"datePublished\": \"2025-05-13T20:52:00+00:00\",\n\t            \"dateModified\": \"2025-05-15T21:00:08+00:00\",\n\t            \"author\": {\n\t                \"@id\": \"https:\\\/\\\/rdvcanada.ca\\\/en\\\/#\\\/schema\\\/person\\\/98d6309c732345896ce9faad2f123c83\"\n\t            },\n\t            \"description\": \"Le Festival du film de Cannes est l'un des plus grands festivals de cin\u00e9ma au monde, attirant des centaines de milliers de spectateurs pour d\u00e9couvrir\",\n\t            \"breadcrumb\": {\n\t                \"@id\": \"https:\\\/\\\/rdvcanada.ca\\\/fr\\\/evenements\\\/la-presence-du-canada-au-festival-de-cannes-et-au-marche-du-film-2025\\\/#breadcrumb\"\n\t            },\n\t            \"inLanguage\": \"fr-CA\",\n\t            \"potentialAction\": [\n\t                {\n\t                    \"@type\": \"ReadAction\",\n\t                    \"target\": [\n\t                        \"https:\\\/\\\/rdvcanada.ca\\\/fr\\\/evenements\\\/la-presence-du-canada-au-festival-de-cannes-et-au-marche-du-film-2025\\\/\"\n\t                    ]\n\t                }\n\t            ]\n\t        },\n\t        {\n\t            \"@type\": \"ImageObject\",\n\t            \"inLanguage\": \"fr-CA\",\n\t            \"@id\": \"https:\\\/\\\/rdvcanada.ca\\\/fr\\\/evenements\\\/la-presence-du-canada-au-festival-de-cannes-et-au-marche-du-film-2025\\\/#primaryimage\",\n\t            \"url\": \"https:\\\/\\\/rdvcanada.ca\\\/wp-content\\\/uploads\\\/2025\\\/05\\\/RDV-Canada-Header.png\",\n\t            \"contentUrl\": \"https:\\\/\\\/rdvcanada.ca\\\/wp-content\\\/uploads\\\/2025\\\/05\\\/RDV-Canada-Header.png\",\n\t            \"width\": 1920,\n\t            \"height\": 800\n\t        },\n\t        {\n\t            \"@type\": \"BreadcrumbList\",\n\t            \"@id\": \"https:\\\/\\\/rdvcanada.ca\\\/fr\\\/evenements\\\/la-presence-du-canada-au-festival-de-cannes-et-au-marche-du-film-2025\\\/#breadcrumb\",\n\t            \"itemListElement\": [\n\t                {\n\t                    \"@type\": \"ListItem\",\n\t                    \"position\": 1,\n\t                    \"name\": \"Home\",\n\t                    \"item\": \"https:\\\/\\\/rdvcanada.ca\\\/fr\\\/\"\n\t                },\n\t                {\n\t                    \"@type\": \"ListItem\",\n\t                    \"position\": 2,\n\t                    \"name\": \"La pr\u00e9sence du Canada au Festival de Cannes et au March\u00e9 du Film 2025!\"\n\t                }\n\t            ]\n\t        },\n\t        {\n\t            \"@type\": \"WebSite\",\n\t            \"@id\": \"https:\\\/\\\/rdvcanada.ca\\\/en\\\/#website\",\n\t            \"url\": \"https:\\\/\\\/rdvcanada.ca\\\/en\\\/\",\n\t            \"name\": \"RDVCanada.ca\",\n\t            \"description\": \"VOIR GRAND. D\u00e9couvrez le meilleur du talent Canadien \u00e0 travers le monde.\",\n\t            \"potentialAction\": [\n\t                {\n\t                    \"@type\": \"SearchAction\",\n\t                    \"target\": {\n\t                        \"@type\": \"EntryPoint\",\n\t                        \"urlTemplate\": \"https:\\\/\\\/rdvcanada.ca\\\/en\\\/?s={search_term_string}\"\n\t                    },\n\t                    \"query-input\": {\n\t                        \"@type\": \"PropertyValueSpecification\",\n\t                        \"valueRequired\": true,\n\t                        \"valueName\": \"search_term_string\"\n\t                    }\n\t                }\n\t            ],\n\t            \"inLanguage\": \"fr-CA\"\n\t        },\n\t        {\n\t            \"@type\": \"Person\",\n\t            \"@id\": \"https:\\\/\\\/rdvcanada.ca\\\/en\\\/#\\\/schema\\\/person\\\/98d6309c732345896ce9faad2f123c83\",\n\t            \"name\": \"Jacqueline Geday\",\n\t            \"sameAs\": [\n\t                \"sandrine.couture@telefilm.ca\"\n\t            ]\n\t        }\n\t    ]\n\t}<\/script>\n<!-- \/ Yoast SEO plugin. -->","yoast_head_json":{"title":"La pr\u00e9sence du Canada au Festival de Cannes et au March\u00e9 du Film 2025! - Industrie Audiovisuelle Canadienne","description":"Le Festival du film de Cannes est l'un des plus grands festivals de cin\u00e9ma au monde, attirant des centaines de milliers de spectateurs pour d\u00e9couvrir","robots":{"index":"index","follow":"follow","max-snippet":"max-snippet:-1","max-image-preview":"max-image-preview:large","max-video-preview":"max-video-preview:-1"},"canonical":"https:\/\/rdvcanada.ca\/fr\/evenements\/la-presence-du-canada-au-festival-de-cannes-et-au-marche-du-film-2025\/","og_locale":"fr_CA","og_type":"article","og_title":"La pr\u00e9sence du Canada au Festival de Cannes et au March\u00e9 du Film 2025! - Industrie Audiovisuelle Canadienne","og_description":"Le Festival du film de Cannes est l'un des plus grands festivals de cin\u00e9ma au monde, attirant des centaines de milliers de spectateurs pour d\u00e9couvrir","og_url":"https:\/\/rdvcanada.ca\/fr\/evenements\/la-presence-du-canada-au-festival-de-cannes-et-au-marche-du-film-2025\/","og_site_name":"RDVCanada.ca","article_publisher":"https:\/\/www.facebook.com\/telefilmcanada","article_published_time":"2025-05-13T20:52:00+00:00","article_modified_time":"2025-05-15T21:00:08+00:00","og_image":[{"width":1920,"height":800,"url":"https:\/\/rdvcanada.ca\/wp-content\/uploads\/2025\/05\/RDV-Canada-Header.png","type":"image\/png"}],"author":"Jacqueline Geday","twitter_card":"summary_large_image","twitter_misc":{"\u00c9crit par":"Jacqueline Geday","Estimation du temps de lecture":"9 minutes"},"schema":{"@context":"https:\/\/schema.org","@graph":[{"@type":"Article","@id":"https:\/\/rdvcanada.ca\/fr\/evenements\/la-presence-du-canada-au-festival-de-cannes-et-au-marche-du-film-2025\/#article","isPartOf":{"@id":"https:\/\/rdvcanada.ca\/fr\/evenements\/la-presence-du-canada-au-festival-de-cannes-et-au-marche-du-film-2025\/"},"author":{"name":"Jacqueline Geday","@id":"https:\/\/rdvcanada.ca\/en\/#\/schema\/person\/98d6309c732345896ce9faad2f123c83"},"headline":"La pr\u00e9sence du Canada au Festival de Cannes et au March\u00e9 du Film 2025!","datePublished":"2025-05-13T20:52:00+00:00","dateModified":"2025-05-15T21:00:08+00:00","mainEntityOfPage":{"@id":"https:\/\/rdvcanada.ca\/fr\/evenements\/la-presence-du-canada-au-festival-de-cannes-et-au-marche-du-film-2025\/"},"wordCount":1342,"image":{"@id":"https:\/\/rdvcanada.ca\/fr\/evenements\/la-presence-du-canada-au-festival-de-cannes-et-au-marche-du-film-2025\/#primaryimage"},"thumbnailUrl":"https:\/\/rdvcanada.ca\/wp-content\/uploads\/2025\/05\/RDV-Canada-Header.png","articleSection":["\u00c9v\u00e9nements","Incontournables"],"inLanguage":"fr-CA"},{"@type":"WebPage","@id":"https:\/\/rdvcanada.ca\/fr\/evenements\/la-presence-du-canada-au-festival-de-cannes-et-au-marche-du-film-2025\/","url":"https:\/\/rdvcanada.ca\/fr\/evenements\/la-presence-du-canada-au-festival-de-cannes-et-au-marche-du-film-2025\/","name":"La pr\u00e9sence du Canada au Festival de Cannes et au March\u00e9 du Film 2025! - Industrie Audiovisuelle Canadienne","isPartOf":{"@id":"https:\/\/rdvcanada.ca\/en\/#website"},"primaryImageOfPage":{"@id":"https:\/\/rdvcanada.ca\/fr\/evenements\/la-presence-du-canada-au-festival-de-cannes-et-au-marche-du-film-2025\/#primaryimage"},"image":{"@id":"https:\/\/rdvcanada.ca\/fr\/evenements\/la-presence-du-canada-au-festival-de-cannes-et-au-marche-du-film-2025\/#primaryimage"},"thumbnailUrl":"https:\/\/rdvcanada.ca\/wp-content\/uploads\/2025\/05\/RDV-Canada-Header.png","datePublished":"2025-05-13T20:52:00+00:00","dateModified":"2025-05-15T21:00:08+00:00","author":{"@id":"https:\/\/rdvcanada.ca\/en\/#\/schema\/person\/98d6309c732345896ce9faad2f123c83"},"description":"Le Festival du film de Cannes est l'un des plus grands festivals de cin\u00e9ma au monde, attirant des centaines de milliers de spectateurs pour d\u00e9couvrir","breadcrumb":{"@id":"https:\/\/rdvcanada.ca\/fr\/evenements\/la-presence-du-canada-au-festival-de-cannes-et-au-marche-du-film-2025\/#breadcrumb"},"inLanguage":"fr-CA","potentialAction":[{"@type":"ReadAction","target":["https:\/\/rdvcanada.ca\/fr\/evenements\/la-presence-du-canada-au-festival-de-cannes-et-au-marche-du-film-2025\/"]}]},{"@type":"ImageObject","inLanguage":"fr-CA","@id":"https:\/\/rdvcanada.ca\/fr\/evenements\/la-presence-du-canada-au-festival-de-cannes-et-au-marche-du-film-2025\/#primaryimage","url":"https:\/\/rdvcanada.ca\/wp-content\/uploads\/2025\/05\/RDV-Canada-Header.png","contentUrl":"https:\/\/rdvcanada.ca\/wp-content\/uploads\/2025\/05\/RDV-Canada-Header.png","width":1920,"height":800},{"@type":"BreadcrumbList","@id":"https:\/\/rdvcanada.ca\/fr\/evenements\/la-presence-du-canada-au-festival-de-cannes-et-au-marche-du-film-2025\/#breadcrumb","itemListElement":[{"@type":"ListItem","position":1,"name":"Home","item":"https:\/\/rdvcanada.ca\/fr\/"},{"@type":"ListItem","position":2,"name":"La pr\u00e9sence du Canada au Festival de Cannes et au March\u00e9 du Film 2025!"}]},{"@type":"WebSite","@id":"https:\/\/rdvcanada.ca\/en\/#website","url":"https:\/\/rdvcanada.ca\/en\/","name":"RDVCanada.ca","description":"VOIR GRAND. D\u00e9couvrez le meilleur du talent Canadien \u00e0 travers le monde.","potentialAction":[{"@type":"SearchAction","target":{"@type":"EntryPoint","urlTemplate":"https:\/\/rdvcanada.ca\/en\/?s={search_term_string}"},"query-input":{"@type":"PropertyValueSpecification","valueRequired":true,"valueName":"search_term_string"}}],"inLanguage":"fr-CA"},{"@type":"Person","@id":"https:\/\/rdvcanada.ca\/en\/#\/schema\/person\/98d6309c732345896ce9faad2f123c83","name":"Jacqueline Geday","sameAs":["sandrine.couture@telefilm.ca"]}]}},"_links":{"self":[{"href":"https:\/\/rdvcanada.ca\/fr\/wp-json\/wp\/v2\/posts\/99045","targetHints":{"allow":["GET"]}}],"collection":[{"href":"https:\/\/rdvcanada.ca\/fr\/wp-json\/wp\/v2\/posts"}],"about":[{"href":"https:\/\/rdvcanada.ca\/fr\/wp-json\/wp\/v2\/types\/post"}],"author":[{"embeddable":true,"href":"https:\/\/rdvcanada.ca\/fr\/wp-json\/wp\/v2\/users\/1203"}],"replies":[{"embeddable":true,"href":"https:\/\/rdvcanada.ca\/fr\/wp-json\/wp\/v2\/comments?post=99045"}],"version-history":[{"count":0,"href":"https:\/\/rdvcanada.ca\/fr\/wp-json\/wp\/v2\/posts\/99045\/revisions"}],"wp:featuredmedia":[{"embeddable":true,"href":"https:\/\/rdvcanada.ca\/fr\/wp-json\/wp\/v2\/media\/99036"}],"wp:attachment":[{"href":"https:\/\/rdvcanada.ca\/fr\/wp-json\/wp\/v2\/media?parent=99045"}],"wp:term":[{"taxonomy":"category","embeddable":true,"href":"https:\/\/rdvcanada.ca\/fr\/wp-json\/wp\/v2\/categories?post=99045"},{"taxonomy":"post_tag","embeddable":true,"href":"https:\/\/rdvcanada.ca\/fr\/wp-json\/wp\/v2\/tags?post=99045"}],"curies":[{"name":"wp","href":"https:\/\/api.w.org\/{rel}","templated":true}]}}