{"id":147862,"date":"2026-09-02T11:22:52","date_gmt":"2026-09-02T15:22:52","guid":{"rendered":"https:\/\/rdvcanada.ca\/?p=147862"},"modified":"2026-09-02T14:32:13","modified_gmt":"2026-09-02T18:32:13","slug":"pleins-feux-sur-le-tiff-2026-quatre-coproductions-quatre-entrevues-quatre-histoires","status":"publish","type":"post","link":"https:\/\/rdvcanada.ca\/fr\/evenements\/pleins-feux-sur-le-tiff-2026-quatre-coproductions-quatre-entrevues-quatre-histoires\/","title":{"rendered":"PLEINS FEUX SUR LE TIFF 2026 : quatre coproductions, quatre entrevues, quatre histoires."},"content":{"rendered":"\t\t<div data-elementor-type=\"wp-post\" data-elementor-id=\"147862\" class=\"elementor elementor-147862 elementor-147823\" data-elementor-post-type=\"post\">\n\t\t\t\t\t\t<section class=\"elementor-section elementor-top-section elementor-element elementor-element-65dcde3e elementor-section-boxed elementor-section-height-default elementor-section-height-default\" data-id=\"65dcde3e\" data-element_type=\"section\" data-e-type=\"section\">\n\t\t\t\t\t\t<div class=\"elementor-container elementor-column-gap-default\">\n\t\t\t\t\t<div class=\"elementor-column elementor-col-100 elementor-top-column elementor-element elementor-element-2cf8b215\" data-id=\"2cf8b215\" data-element_type=\"column\" data-e-type=\"column\">\n\t\t\t<div class=\"elementor-widget-wrap elementor-element-populated\">\n\t\t\t\t\t\t<div class=\"elementor-element elementor-element-7a354c69 elementor-widget elementor-widget-text-editor\" data-id=\"7a354c69\" data-element_type=\"widget\" data-e-type=\"widget\" data-widget_type=\"text-editor.default\">\n\t\t\t\t<div class=\"elementor-widget-container\">\n\t\t\t\t\t\t\t\t\t\n\n<p class=\"act-lead\"><\/p>\n\n\n\n\n\n\n<p><\/p>\n\t\t\t\t\t\t\t\t<\/div>\n\t\t\t\t<\/div>\n\t\t\t\t<div class=\"elementor-element elementor-element-0d5e9e3 elementor-widget elementor-widget-text-editor\" data-id=\"0d5e9e3\" data-element_type=\"widget\" data-e-type=\"widget\" data-widget_type=\"text-editor.default\">\n\t\t\t\t<div class=\"elementor-widget-container\">\n\t\t\t\t\t\t\t\t\t<p>Pour vous donner encore plus envie de d\u00e9couvrir la <strong>51<sup>e<\/sup> \u00e9dition du Festival international du film de Toronto (TIFF)<\/strong>, du 10 au 20 septembre 2026, nous avons rencontr\u00e9 les producteurs de quatre coproductions canadiennes et autochtones s\u00e9lectionn\u00e9es. <br \/>Ces cin\u00e9astes nous livrent leurs r\u00e9flexions sur le processus de coproduction, leur inspiration cr\u00e9ative et d\u2019autres anecdotes de tournage. Continuez \u00e0 nous lire pour tout savoir !<\/p>\t\t\t\t\t\t\t\t<\/div>\n\t\t\t\t<\/div>\n\t\t\t\t\t<\/div>\n\t\t<\/div>\n\t\t\t\t\t<\/div>\n\t\t<\/section>\n\t\t\t\t<section class=\"elementor-section elementor-top-section elementor-element elementor-element-04b0372 elementor-section-boxed elementor-section-height-default elementor-section-height-default\" data-id=\"04b0372\" data-element_type=\"section\" data-e-type=\"section\">\n\t\t\t\t\t\t<div class=\"elementor-container elementor-column-gap-default\">\n\t\t\t\t\t<div class=\"elementor-column elementor-col-100 elementor-top-column elementor-element elementor-element-4261fd5\" data-id=\"4261fd5\" data-element_type=\"column\" data-e-type=\"column\">\n\t\t\t<div class=\"elementor-widget-wrap elementor-element-populated\">\n\t\t\t\t\t\t<div class=\"elementor-element elementor-element-09bff44 elementor-widget elementor-widget-heading\" data-id=\"09bff44\" data-element_type=\"widget\" data-e-type=\"widget\" data-widget_type=\"heading.default\">\n\t\t\t\t<div class=\"elementor-widget-container\">\n\t\t\t\t\t<h4 class=\"elementor-heading-title elementor-size-default\" id=\"centrepiece\">Centrepiece<\/h4>\t\t\t\t<\/div>\n\t\t\t\t<\/div>\n\t\t\t\t<div class=\"elementor-element elementor-element-76404e5 elementor-widget elementor-widget-heading\" data-id=\"76404e5\" data-element_type=\"widget\" data-e-type=\"widget\" data-widget_type=\"heading.default\">\n\t\t\t\t<div class=\"elementor-widget-container\">\n\t\t\t\t\t<h2 class=\"elementor-heading-title elementor-size-default\" id=\"julian-une-equipe-de-reve-nommee-aux-oscars-se-reunit\">JUL\u00cdAN : Une \u00e9quipe de r\u00eave nomm\u00e9e aux Oscars se r\u00e9unit.<\/h2>\t\t\t\t<\/div>\n\t\t\t\t<\/div>\n\t\t\t\t<div class=\"elementor-element elementor-element-8e536f1 elementor-widget elementor-widget-text-editor\" data-id=\"8e536f1\" data-element_type=\"widget\" data-e-type=\"widget\" data-widget_type=\"text-editor.default\">\n\t\t\t\t<div class=\"elementor-widget-container\">\n\t\t\t\t\t\t\t\t\t<p><strong>Aircraft Pictures (Canada), Cartoon Saloon (Irlande), Sun Creature (Danemark), Melusine Productions (Luxembourg)<\/strong><\/p>\t\t\t\t\t\t\t\t<\/div>\n\t\t\t\t<\/div>\n\t\t\t\t<section class=\"elementor-section elementor-inner-section elementor-element elementor-element-e3b4d9c elementor-section-boxed elementor-section-height-default elementor-section-height-default\" data-id=\"e3b4d9c\" data-element_type=\"section\" data-e-type=\"section\">\n\t\t\t\t\t\t<div class=\"elementor-container elementor-column-gap-default\">\n\t\t\t\t\t<div class=\"elementor-column elementor-col-50 elementor-inner-column elementor-element elementor-element-13d3182\" data-id=\"13d3182\" data-element_type=\"column\" data-e-type=\"column\">\n\t\t\t<div class=\"elementor-widget-wrap elementor-element-populated\">\n\t\t\t\t\t\t<div class=\"elementor-element elementor-element-2adda58 elementor-widget elementor-widget-image\" data-id=\"2adda58\" data-element_type=\"widget\" data-e-type=\"widget\" data-widget_type=\"image.default\">\n\t\t\t\t<div class=\"elementor-widget-container\">\n\t\t\t\t\t\t\t\t\t\t\t\t\t\t\t<img fetchpriority=\"high\" decoding=\"async\" width=\"1024\" height=\"552\" src=\"https:\/\/rdvcanada.ca\/wp-content\/uploads\/gravity_forms\/7-3bd8511d463f05bf94eff7e6cf723c58\/2025\/05\/Julian_CartoonSaloon_2026_still1-1024x552.jpg\" class=\"attachment-large size-large wp-image-143029\" alt=\"julian_cartoonsaloon_2026_still1-jpg\" srcset=\"https:\/\/rdvcanada.ca\/wp-content\/uploads\/gravity_forms\/7-3bd8511d463f05bf94eff7e6cf723c58\/2025\/05\/Julian_CartoonSaloon_2026_still1-1024x552.jpg 1024w, https:\/\/rdvcanada.ca\/wp-content\/uploads\/gravity_forms\/7-3bd8511d463f05bf94eff7e6cf723c58\/2025\/05\/Julian_CartoonSaloon_2026_still1-768x414.jpg 768w, https:\/\/rdvcanada.ca\/wp-content\/uploads\/gravity_forms\/7-3bd8511d463f05bf94eff7e6cf723c58\/2025\/05\/Julian_CartoonSaloon_2026_still1-1536x828.jpg 1536w, https:\/\/rdvcanada.ca\/wp-content\/uploads\/gravity_forms\/7-3bd8511d463f05bf94eff7e6cf723c58\/2025\/05\/Julian_CartoonSaloon_2026_still1-224x121.jpg 224w, https:\/\/rdvcanada.ca\/wp-content\/uploads\/gravity_forms\/7-3bd8511d463f05bf94eff7e6cf723c58\/2025\/05\/Julian_CartoonSaloon_2026_still1.jpg 1992w\" sizes=\"(max-width: 1024px) 100vw, 1024px\" \/>\t\t\t\t\t\t\t\t\t\t\t\t\t\t\t<\/div>\n\t\t\t\t<\/div>\n\t\t\t\t\t<\/div>\n\t\t<\/div>\n\t\t\t\t<div class=\"elementor-column elementor-col-50 elementor-inner-column elementor-element elementor-element-4701c5f\" data-id=\"4701c5f\" data-element_type=\"column\" data-e-type=\"column\">\n\t\t\t<div class=\"elementor-widget-wrap elementor-element-populated\">\n\t\t\t\t\t\t<div class=\"elementor-element elementor-element-e13f377 elementor-widget elementor-widget-text-editor\" data-id=\"e13f377\" data-element_type=\"widget\" data-e-type=\"widget\" data-widget_type=\"text-editor.default\">\n\t\t\t\t<div class=\"elementor-widget-container\">\n\t\t\t\t\t\t\t\t\t<p>Pr\u00e9sent\u00e9 en premi\u00e8re nord-am\u00e9ricaine au TIFF, <a href=\"https:\/\/tiff.net\/films\/julian\">JUL\u00cdAN<\/a> a \u00e9t\u00e9 pr\u00e9sent\u00e9 en premi\u00e8re mondiale au <a href=\"https:\/\/www.annecyfestival.com\/\">Festival international du film d&#8217;animation d&#8217;Annecy 2026<\/a>. Ce long m\u00e9trage d&#8217;animation plein d&#8217;optimisme raconte l&#8217;\u00e9t\u00e9 d&#8217;un gar\u00e7on \u00e0 Brooklyn aupr\u00e8s de sa grand-m\u00e8re, alors qu&#8217;il red\u00e9couvre ses racines carib\u00e9ennes et les joies de l&#8217;imagination.<\/p><p>Les coproducteurs canadiens du projet, la compagnie torontoise Aircraft Pictures, avaient d\u00e9j\u00e0 collabor\u00e9 avec le studio irlandais Cartoon Saloon et la compagnie luxembourgeoise Melusine Productions (\u00e9galement impliqu\u00e9e dans <em>Juli\u00e1n<\/em>) sur un autre long m\u00e9trage d\u2019animation : <em>The Breadwinner<\/em>, sorti en 2017 et nomm\u00e9 aux Oscars\u00ae, qui comptait Angelina Jolie comme productrice ex\u00e9cutive.<\/p>\t\t\t\t\t\t\t\t<\/div>\n\t\t\t\t<\/div>\n\t\t\t\t\t<\/div>\n\t\t<\/div>\n\t\t\t\t\t<\/div>\n\t\t<\/section>\n\t\t\t\t<div class=\"elementor-element elementor-element-a0aee15 elementor-widget elementor-widget-text-editor\" data-id=\"a0aee15\" data-element_type=\"widget\" data-e-type=\"widget\" data-widget_type=\"text-editor.default\">\n\t\t\t\t<div class=\"elementor-widget-container\">\n\t\t\t\t\t\t\t\t\t<p><strong>JUL\u00cdAN<\/strong> a vu le jour lorsque Cartoon Saloon a acquis les droits du livre \u00e0 succ\u00e8s de Jessica Love, <em>Juli\u00e1n is a Mermaid<\/em>, dont le film est tir\u00e9. Apr\u00e8s cette exp\u00e9rience tr\u00e8s positive, Aircraft Pictures \u00ab a saut\u00e9 sur l\u2019occasion \u00bb de faire \u00e0 nouveau \u00e9quipe avec cette \u00e9quipe de r\u00eave, se souviennent les producteurs Andrew Rosen et Anthony Leo, dont les titres r\u00e9cents comprennent <em>Geek Girl<\/em> pour Netflix, <em>Circuit Breakers <\/em>pour Apple TV+ et <em>Gangnam Project<\/em> pour CBBC\/CBC. Le studio a d\u00e9j\u00e0 \u00e9t\u00e9 nomm\u00e9 aux Emmy Awards et aux Prix \u00c9crans canadiens.<\/p><p>Avec quatre pays impliqu\u00e9s, dont l&#8217;Irlande avec la r\u00e9alisatrice Louise Bagnall, la contribution de chaque coproducteur refl\u00e9tait son expertise sp\u00e9cifique. <strong>\u00ab La r\u00e9alisation d\u2019un long m\u00e9trage d\u2019animation ind\u00e9pendant n\u00e9cessite beaucoup de mains, d\u2019esprits et de sources de financement. C\u2019est pourquoi nous nous sommes associ\u00e9s dans une \u00e9quipe plus large regroupant quatre pays \u00bb<\/strong>, explique Rosen \u00e0 propos du processus de collaboration. \u00ab Un projet a plus de chances de r\u00e9ussir lorsque chaque coproducteur se concentre sur ce qu\u2019il sait faire de mieux, et nous n\u2019allons certainement pas dire aux experts comment faire de l\u2019animation ! Pour ces projets d\u2019animation, nous avons tendance \u00e0 nous concentrer sur le doublage et tout ce qui touche \u00e0 la postproduction, car c\u2019est l\u00e0 que nous excellons. \u00bb<\/p><p>Comme Aircraft Pictures n&#8217;est pas principalement un studio d&#8217;animation, l&#8217;entreprise s&#8217;est consacr\u00e9e \u00e0 fournir \u00ab des r\u00f4les d&#8217;animation essentiels, utiles plus tard dans la production \u00bb, tels que l&#8217;encrage et la colorisation ainsi que la composition en collaboration avec le studio Guru de Toronto, sans oublier le doublage, la musique et la postproduction. Par exemple, pour donner vie aux personnages du sc\u00e9nario avec authenticit\u00e9 et profondeur, Rosen et Leo n\u2019ont pas eu \u00e0 chercher plus loin que le riche bassin de talents de leur propre ville. <strong>\u00ab Toronto est une ville multiculturelle tellement dynamique que nous avons pu travailler avec des acteurs locaux qui incarnent tous les r\u00f4les avec une authenticit\u00e9 fid\u00e8le \u00e0 l\u2019univers de l\u2019histoire, dans notre cas en montrant un quartier carib\u00e9en de Brooklyn.\u00a0\u00bb<\/strong><\/p><p>D&#8217;un point de vue commercial, lorsqu&#8217;il s&#8217;agit de rechercher des partenaires internationaux, Rosen estime que le bouche-\u00e0-oreille et la r\u00e9putation sont les cl\u00e9s du succ\u00e8s, en particulier pour les projets d&#8217;animation. <strong>\u00ab Les bonnes relations que nous entretenons avec nos anciens partenaires de coproduction nous aident \u00e0 attirer de nouveaux projets, et nous participons \u00e0 de nombreux festivals internationaux d&#8217;animation, comme celui d&#8217;Annecy, o\u00f9 les producteurs \u00e9trangers savent que le Canada est un partenaire fiable en mati\u00e8re de production cr\u00e9ative et de financement. \u00bb<\/strong><\/p><p>Finalement, en tant qu\u2019entreprise torontoise, Rosen et son \u00e9quipe d\u2019Aircraft Pictures sont \u00ab ravis \u00bb de pr\u00e9senter <em>Juli\u00e1n<\/em> au TIFF, dans leur ville natale. \u00ab C\u2019est un r\u00eave de partager l\u2019exp\u00e9rience de voir le film sur grand \u00e9cran avec nos familles et l\u2019\u00e9quipe locale, qui a travaill\u00e9 si dur pour le r\u00e9aliser. Nous faisons des films pour que les gens les regardent et en profitent, et Toronto a le meilleur public ! \u00bb<\/p>\t\t\t\t\t\t\t\t<\/div>\n\t\t\t\t<\/div>\n\t\t\t\t\t<\/div>\n\t\t<\/div>\n\t\t\t\t\t<\/div>\n\t\t<\/section>\n\t\t\t\t<section class=\"elementor-section elementor-top-section elementor-element elementor-element-fe65a4e elementor-section-boxed elementor-section-height-default elementor-section-height-default\" data-id=\"fe65a4e\" data-element_type=\"section\" data-e-type=\"section\">\n\t\t\t\t\t\t<div class=\"elementor-container elementor-column-gap-default\">\n\t\t\t\t\t<div class=\"elementor-column elementor-col-100 elementor-top-column elementor-element elementor-element-f3b2328\" data-id=\"f3b2328\" data-element_type=\"column\" data-e-type=\"column\">\n\t\t\t<div class=\"elementor-widget-wrap elementor-element-populated\">\n\t\t\t\t\t\t<div class=\"elementor-element elementor-element-2993ee3 elementor-widget elementor-widget-spacer\" data-id=\"2993ee3\" data-element_type=\"widget\" data-e-type=\"widget\" data-widget_type=\"spacer.default\">\n\t\t\t\t<div class=\"elementor-widget-container\">\n\t\t\t\t\t\t\t<div class=\"elementor-spacer\">\n\t\t\t<div class=\"elementor-spacer-inner\"><\/div>\n\t\t<\/div>\n\t\t\t\t\t\t<\/div>\n\t\t\t\t<\/div>\n\t\t\t\t<div class=\"elementor-element elementor-element-7a0421d elementor-widget elementor-widget-heading\" data-id=\"7a0421d\" data-element_type=\"widget\" data-e-type=\"widget\" data-widget_type=\"heading.default\">\n\t\t\t\t<div class=\"elementor-widget-container\">\n\t\t\t\t\t<h2 class=\"elementor-heading-title elementor-size-default\" id=\"where-the-river-begins-donde-comienza-el-rio-trouver-un-chez-soi-dans-lart-et-dans-la-vie\">WHERE THE RIVER BEGINS (DONDE COMIENZA EL R\u00cdO) : Trouver un chez-soi dans l\u2019art et dans la vie <\/h2>\t\t\t\t<\/div>\n\t\t\t\t<\/div>\n\t\t\t\t<div class=\"elementor-element elementor-element-b0ae913 elementor-widget elementor-widget-text-editor\" data-id=\"b0ae913\" data-element_type=\"widget\" data-e-type=\"widget\" data-widget_type=\"text-editor.default\">\n\t\t\t\t<div class=\"elementor-widget-container\">\n\t\t\t\t\t\t\t\t\t<p><strong>12 PM (Canada), Inercia Pel\u00edculas (Colombie), Midi La Nuit (Canada)<\/strong><\/p>\t\t\t\t\t\t\t\t<\/div>\n\t\t\t\t<\/div>\n\t\t\t\t<section class=\"elementor-section elementor-inner-section elementor-element elementor-element-26fcb5c elementor-section-boxed elementor-section-height-default elementor-section-height-default\" data-id=\"26fcb5c\" data-element_type=\"section\" data-e-type=\"section\">\n\t\t\t\t\t\t<div class=\"elementor-container elementor-column-gap-default\">\n\t\t\t\t\t<div class=\"elementor-column elementor-col-50 elementor-inner-column elementor-element elementor-element-16ae40c\" data-id=\"16ae40c\" data-element_type=\"column\" data-e-type=\"column\">\n\t\t\t<div class=\"elementor-widget-wrap elementor-element-populated\">\n\t\t\t\t\t\t<div class=\"elementor-element elementor-element-f628fef elementor-widget elementor-widget-image\" data-id=\"f628fef\" data-element_type=\"widget\" data-e-type=\"widget\" data-widget_type=\"image.default\">\n\t\t\t\t<div class=\"elementor-widget-container\">\n\t\t\t\t\t\t\t\t\t\t\t\t\t\t\t<img decoding=\"async\" width=\"1024\" height=\"554\" src=\"https:\/\/rdvcanada.ca\/wp-content\/uploads\/gravity_forms\/14-e789fb68dc9a3c32f342fec58443ed0d\/2026\/04\/DSCF9217.00000000-1024x554.jpg\" class=\"attachment-large size-large wp-image-143011\" alt=\"dscf9217-00000000-jpg\" srcset=\"https:\/\/rdvcanada.ca\/wp-content\/uploads\/gravity_forms\/14-e789fb68dc9a3c32f342fec58443ed0d\/2026\/04\/DSCF9217.00000000-1024x554.jpg 1024w, https:\/\/rdvcanada.ca\/wp-content\/uploads\/gravity_forms\/14-e789fb68dc9a3c32f342fec58443ed0d\/2026\/04\/DSCF9217.00000000-768x415.jpg 768w, https:\/\/rdvcanada.ca\/wp-content\/uploads\/gravity_forms\/14-e789fb68dc9a3c32f342fec58443ed0d\/2026\/04\/DSCF9217.00000000-1536x830.jpg 1536w, https:\/\/rdvcanada.ca\/wp-content\/uploads\/gravity_forms\/14-e789fb68dc9a3c32f342fec58443ed0d\/2026\/04\/DSCF9217.00000000-224x121.jpg 224w, https:\/\/rdvcanada.ca\/wp-content\/uploads\/gravity_forms\/14-e789fb68dc9a3c32f342fec58443ed0d\/2026\/04\/DSCF9217.00000000.jpg 1998w\" sizes=\"auto, (max-width: 1024px) 100vw, 1024px\" loading=\"lazy\" \/>\t\t\t\t\t\t\t\t\t\t\t\t\t\t\t<\/div>\n\t\t\t\t<\/div>\n\t\t\t\t\t<\/div>\n\t\t<\/div>\n\t\t\t\t<div class=\"elementor-column elementor-col-50 elementor-inner-column elementor-element elementor-element-66809f8\" data-id=\"66809f8\" data-element_type=\"column\" data-e-type=\"column\">\n\t\t\t<div class=\"elementor-widget-wrap elementor-element-populated\">\n\t\t\t\t\t\t<div class=\"elementor-element elementor-element-f26de47 elementor-widget elementor-widget-text-editor\" data-id=\"f26de47\" data-element_type=\"widget\" data-e-type=\"widget\" data-widget_type=\"text-editor.default\">\n\t\t\t\t<div class=\"elementor-widget-container\">\n\t\t\t\t\t\t\t\t\t<p>Pour r\u00e9aliser son troisi\u00e8me long m\u00e9trage, le cin\u00e9aste montr\u00e9alais n\u00e9 en Colombie Juan Andr\u00e9s Arango a explor\u00e9 son pays natal, une exp\u00e9rience qui faisait \u00e9cho au th\u00e8me de <a href=\"https:\/\/tiff.net\/films\/where-the-river-begins\">WHERE THE RIVER BEGINS.<\/a><\/p>\n<p>En effet, ce voyage \u00e0 travers le pays avec les acteurs, les actrices et l&#8217;\u00e9quipe technique, de Bogot\u00e1 \u00e0 la jungle, a constitu\u00e9 un p\u00e8lerinage personnel et po\u00e9tique qui a nourri ce film puissant, r\u00e9alis\u00e9 avec passion par toutes les personnes impliqu\u00e9es. Comme l&#8217;explique Arango, un voyage g\u00e9ographique peut \u00eatre une porte d&#8217;acc\u00e8s vers l&#8217;int\u00e9rieur, un moyen de \u00ab renouer avec cet endroit \u00e0 l&#8217;int\u00e9rieur que l&#8217;on appelle son chez-soi \u00bb.<\/p>\t\t\t\t\t\t\t\t<\/div>\n\t\t\t\t<\/div>\n\t\t\t\t\t<\/div>\n\t\t<\/div>\n\t\t\t\t\t<\/div>\n\t\t<\/section>\n\t\t\t\t<div class=\"elementor-element elementor-element-42df355 elementor-widget elementor-widget-text-editor\" data-id=\"42df355\" data-element_type=\"widget\" data-e-type=\"widget\" data-widget_type=\"text-editor.default\">\n\t\t\t\t<div class=\"elementor-widget-container\">\n\t\t\t\t\t\t\t\t\t<p><strong>WHERE THE RIVER BEGINS <\/strong>raconte l&#8217;histoire d&#8217;une jeune femme autochtone qui part avec sa fille dans la jungle pour \u00e9chapper \u00e0 la violence. Le tournage \u00e0 travers la Colombie \u00ab a \u00e9t\u00e9 tr\u00e8s intense \u00bb, explique-t-il, soulignant que la productrice colombienne Paola P\u00e9rez Nieto (Inercia Pel\u00edculas) \u00ab m&#8217;a vraiment aid\u00e9 \u00e0 organiser mes voyages de recherche dans la r\u00e9gion, et \u00e0 tout coordonner. Elle a beaucoup d\u2019exp\u00e9rience dans ce domaine.\u00a0\u00bb<\/p>\n<p>Bien que complexe, le tournage s&#8217;est av\u00e9r\u00e9 extr\u00eamement enrichissant pour l&#8217;\u00e9quipe. \u00ab <strong>Nous avons sillonn\u00e9 tout le pays, tournant dans des conditions de chaleur extr\u00eame, puis nous sommes all\u00e9s dans la jungle. Comme nous avons toujours \u00e9t\u00e9 pris par la main par les communaut\u00e9s locales, avec lesquelles nous travaillons depuis tr\u00e8s longtemps, nous avons pu nous rendre sur ces territoires et y travailler en toute s\u00e9curit\u00e9. Les membres de notre \u00e9quipe provenaient de diff\u00e9rents pays, et c&#8217;est gr\u00e2ce \u00e0 cette passion et \u00e0 notre amiti\u00e9 que nous avons pu vivre une exp\u00e9rience extraordinaire \u00bb<\/strong>, explique Arango, dont le premier long m\u00e9trage de 2012, <em>La Playa DC<\/em>, a remport\u00e9 le Lions Film Award au Festival international du film de Rotterdam apr\u00e8s avoir \u00e9t\u00e9 pr\u00e9sent\u00e9 en avant-premi\u00e8re \u00e0 Cannes, dans la cat\u00e9gorie <em>Un Certain Regard<\/em>.<\/p>\n<p>Arango a s\u00e9lectionn\u00e9 les partenaires de coproduction de <strong>WHERE THE RIVER BEGINS<\/strong> avec soin. \u00ab Nous avons choisi des personnes en phase avec l\u2019esprit et l\u2019\u00e9nergie du film. C\u2019est gr\u00e2ce \u00e0 leur amour et \u00e0 leur passion que ce film a vu le jour. Pas seulement gr\u00e2ce aux miens, mais gr\u00e2ce \u00e0 ceux de tous les artistes qui ont travaill\u00e9 ensemble \u00bb, explique-t-il avec gratitude. <strong>\u00ab Cela prouve que des personnes issues de cultures et de pays diff\u00e9rents peuvent collaborer et cr\u00e9er quelque chose ensemble. Je pense que le film refl\u00e8te v\u00e9ritablement une partie de la sensibilit\u00e9 de chacun, et c&#8217;est cette diversit\u00e9 qui lui conf\u00e8re toute sa richesse et sa puissance. \u00bb<\/strong><\/p>\n<p>Et qu\u2019est-ce que le \u00ab chez-soi \u00bb? Pour le personnage principal, et peut-\u00eatre aussi pour le cin\u00e9aste et toute l\u2019\u00e9quipe de production qui se sont lanc\u00e9s ensemble dans cette aventure, le \u00ab chez-soi \u00bb est \u00ab un endroit o\u00f9 l\u2019on reste ancr\u00e9 en soi-m\u00eame, l\u00e0 o\u00f9 l\u2019on a ses racines, qui ne change pas, m\u00eame si le monde ne cesse de changer \u00bb.<\/p>\t\t\t\t\t\t\t\t<\/div>\n\t\t\t\t<\/div>\n\t\t\t\t\t<\/div>\n\t\t<\/div>\n\t\t\t\t\t<\/div>\n\t\t<\/section>\n\t\t\t\t<section class=\"elementor-section elementor-top-section elementor-element elementor-element-642cb99 elementor-section-boxed elementor-section-height-default elementor-section-height-default\" data-id=\"642cb99\" data-element_type=\"section\" data-e-type=\"section\">\n\t\t\t\t\t\t<div class=\"elementor-container elementor-column-gap-default\">\n\t\t\t\t\t<div class=\"elementor-column elementor-col-100 elementor-top-column elementor-element elementor-element-f8e5725\" data-id=\"f8e5725\" data-element_type=\"column\" data-e-type=\"column\">\n\t\t\t<div class=\"elementor-widget-wrap elementor-element-populated\">\n\t\t\t\t\t\t<div class=\"elementor-element elementor-element-b15328c elementor-widget elementor-widget-spacer\" data-id=\"b15328c\" data-element_type=\"widget\" data-e-type=\"widget\" data-widget_type=\"spacer.default\">\n\t\t\t\t<div class=\"elementor-widget-container\">\n\t\t\t\t\t\t\t<div class=\"elementor-spacer\">\n\t\t\t<div class=\"elementor-spacer-inner\"><\/div>\n\t\t<\/div>\n\t\t\t\t\t\t<\/div>\n\t\t\t\t<\/div>\n\t\t\t\t<div class=\"elementor-element elementor-element-3dab4f0 elementor-widget elementor-widget-heading\" data-id=\"3dab4f0\" data-element_type=\"widget\" data-e-type=\"widget\" data-widget_type=\"heading.default\">\n\t\t\t\t<div class=\"elementor-widget-container\">\n\t\t\t\t\t<h4 class=\"elementor-heading-title elementor-size-default\" id=\"presentations-speciales\">Pr\u00e9sentations sp\u00e9ciales\n<\/h4>\t\t\t\t<\/div>\n\t\t\t\t<\/div>\n\t\t\t\t<div class=\"elementor-element elementor-element-da27a39 elementor-widget elementor-widget-heading\" data-id=\"da27a39\" data-element_type=\"widget\" data-e-type=\"widget\" data-widget_type=\"heading.default\">\n\t\t\t\t<div class=\"elementor-widget-container\">\n\t\t\t\t\t<h2 class=\"elementor-heading-title elementor-size-default\" id=\"closing-night-un-premier-film-inspire-de-lamitie-a-la-distribution-eclatante\">CLOSING NIGHT : Un premier film inspir\u00e9 de l'amiti\u00e9 \u00e0 la distribution \u00e9clatante<\/h2>\t\t\t\t<\/div>\n\t\t\t\t<\/div>\n\t\t\t\t<div class=\"elementor-element elementor-element-fefd801 elementor-widget elementor-widget-text-editor\" data-id=\"fefd801\" data-element_type=\"widget\" data-e-type=\"widget\" data-widget_type=\"text-editor.default\">\n\t\t\t\t<div class=\"elementor-widget-container\">\n\t\t\t\t\t\t\t\t\t<p><strong>Metafilms (Canada), Fictious (Australie)<\/strong><\/p>\t\t\t\t\t\t\t\t<\/div>\n\t\t\t\t<\/div>\n\t\t\t\t<section class=\"elementor-section elementor-inner-section elementor-element elementor-element-5515dc6 elementor-section-boxed elementor-section-height-default elementor-section-height-default\" data-id=\"5515dc6\" data-element_type=\"section\" data-e-type=\"section\">\n\t\t\t\t\t\t<div class=\"elementor-container elementor-column-gap-default\">\n\t\t\t\t\t<div class=\"elementor-column elementor-col-50 elementor-inner-column elementor-element elementor-element-252effb\" data-id=\"252effb\" data-element_type=\"column\" data-e-type=\"column\">\n\t\t\t<div class=\"elementor-widget-wrap elementor-element-populated\">\n\t\t\t\t\t\t<div class=\"elementor-element elementor-element-25498b8 elementor-widget elementor-widget-image\" data-id=\"25498b8\" data-element_type=\"widget\" data-e-type=\"widget\" data-widget_type=\"image.default\">\n\t\t\t\t<div class=\"elementor-widget-container\">\n\t\t\t\t\t\t\t\t\t\t\t\t\t\t\t<img decoding=\"async\" width=\"1024\" height=\"428\" src=\"https:\/\/rdvcanada.ca\/wp-content\/uploads\/2026\/09\/Closingnight-1024x428.webp\" class=\"attachment-large size-large wp-image-147851\" alt=\"Closingnight\" srcset=\"https:\/\/rdvcanada.ca\/wp-content\/uploads\/2026\/09\/Closingnight-1024x428.webp 1024w, https:\/\/rdvcanada.ca\/wp-content\/uploads\/2026\/09\/Closingnight-768x321.webp 768w, https:\/\/rdvcanada.ca\/wp-content\/uploads\/2026\/09\/Closingnight-1536x641.webp 1536w, https:\/\/rdvcanada.ca\/wp-content\/uploads\/2026\/09\/Closingnight-224x94.webp 224w, https:\/\/rdvcanada.ca\/wp-content\/uploads\/2026\/09\/Closingnight.webp 1600w\" sizes=\"auto, (max-width: 1024px) 100vw, 1024px\" loading=\"lazy\" \/>\t\t\t\t\t\t\t\t\t\t\t\t\t\t\t<\/div>\n\t\t\t\t<\/div>\n\t\t\t\t\t<\/div>\n\t\t<\/div>\n\t\t\t\t<div class=\"elementor-column elementor-col-50 elementor-inner-column elementor-element elementor-element-eeb57f2\" data-id=\"eeb57f2\" data-element_type=\"column\" data-e-type=\"column\">\n\t\t\t<div class=\"elementor-widget-wrap elementor-element-populated\">\n\t\t\t\t\t\t<div class=\"elementor-element elementor-element-0dfb6c9 elementor-widget elementor-widget-text-editor\" data-id=\"0dfb6c9\" data-element_type=\"widget\" data-e-type=\"widget\" data-widget_type=\"text-editor.default\">\n\t\t\t\t<div class=\"elementor-widget-container\">\n\t\t\t\t\t\t\t\t\t<p>Avec sa distribution riche en c\u00e9l\u00e9brit\u00e9s, dont Sarah Paulson, Naomi Watts, Dianne Wiest, Toby Wallace et Odessa A\u2019zion, le premier long m\u00e9trage r\u00e9alis\u00e9 par l&#8217;acteur australien Cody Fern raconte l&#8217;histoire d&#8217;une actrice c\u00e9l\u00e8bre qui renoue avec sa famille, dont elle s&#8217;\u00e9tait \u00e9loign\u00e9e.<\/p>\t\t\t\t\t\t\t\t<\/div>\n\t\t\t\t<\/div>\n\t\t\t\t\t<\/div>\n\t\t<\/div>\n\t\t\t\t\t<\/div>\n\t\t<\/section>\n\t\t\t\t<div class=\"elementor-element elementor-element-9422dc7 elementor-widget elementor-widget-text-editor\" data-id=\"9422dc7\" data-element_type=\"widget\" data-e-type=\"widget\" data-widget_type=\"text-editor.default\">\n\t\t\t\t<div class=\"elementor-widget-container\">\n\t\t\t\t\t\t\t\t\t<p><a href=\"https:\/\/www.tiff.net\/films\/closing-night\"><strong>CLOSING NIGHT<\/strong><\/a> a vu le jour gr\u00e2ce \u00e0 la confiance et \u00e0 l&#8217;amiti\u00e9 \u00bb, explique la productrice Nancy Grant, de la compagnie montr\u00e9alaise Metafilms, qu&#8217;elle a fond\u00e9e en 2003 avec Sylvain Corbeil. \u00ab Cody et moi sommes meilleurs amis depuis des ann\u00e9es et il est rest\u00e9 \u00e0 mes c\u00f4t\u00e9s pendant la pr\u00e9production, la production et la postproduction \u00bb, explique-t-elle. Il y a dix ans, elle a produit et financ\u00e9 le court-m\u00e9trage <em>Pisces <\/em>(2017) de Fern. Apr\u00e8s \u00eatre devenu partenaire d\u2019\u00e9criture de Devon Bostick (cosc\u00e9nariste de <em>Closing Night<\/em>), ils ont commenc\u00e9 \u00e0 partir ensemble en retraites d\u2019\u00e9criture, et Nancy Grant \u00ab lisait et commentait tout ce qu&#8217;ils \u00e9crivaient ensemble \u00bb.<\/p><p>\u00ab <strong>CLOSING NIGHT <\/strong>est notre premier film en tant que trio, un projet lanc\u00e9 par Cody et qu\u2019il a toujours voulu r\u00e9aliser. \u00bb Ce sont \u00e9galement ces liens d\u2019amiti\u00e9 qui ont permis de rallier les collaborateurs australiens au projet. \u00ab Quand nous avons r\u00e9alis\u00e9 que nous pouvions monter une coproduction Canada-Australie, Fictious, notre coproducteur australien, s\u2019est impos\u00e9 comme un choix \u00e9vident, car sa cofondatrice, Matilda Comers, \u00e9tait une amie de Cody \u00bb, explique-t-elle. Certes, certaines coproductions peuvent s\u2019av\u00e9rer complexes. \u00ab Chaque pays a ses propres r\u00e8gles sp\u00e9cifiques, ce qui peut causer quelques maux de t\u00eate. \u00bb mais elle est reconnaissante, car la r\u00e9alisation de ce film a \u00e9t\u00e9 une exp\u00e9rience formidable. \u00ab L\u2019essentiel, c\u2019est d\u2019\u00eatre patient et d\u2019appr\u00e9cier les personnes avec lesquelles on travaille, et heureusement, c\u2019\u00e9tait le cas pour ce film. \u00bb<\/p><p>Cela s&#8217;est prolong\u00e9 jusqu&#8217;au tournage \u00e0 Montr\u00e9al. \u00ab La majeure partie de <em>Pisces<\/em> a \u00e9t\u00e9 tourn\u00e9e \u00e0 Dunham, au Qu\u00e9bec, et Cody a toujours voulu tourner son premier long m\u00e9trage \u00e0 Montr\u00e9al avec une \u00e9quipe qu\u00e9b\u00e9coise. <strong>Je pense que nos \u00e9quipes sont un v\u00e9ritable tr\u00e9sor national : comp\u00e9tentes, talentueuses et sympathiques. \u00bb<\/strong><\/p><p>Ajoutons qu\u2019elle est aussi r\u00e9put\u00e9e pour ses collaborations avec le cin\u00e9aste de renom Xavier Dolan (avec qui elle est copropri\u00e9taire de la soci\u00e9t\u00e9 Productions Sons of Manual) sur de nombreux films acclam\u00e9s par la critique, tels que <em>Mommy, <\/em>qui a remport\u00e9 en 2014 le Prix du jury au Festival de Cannes et, l\u2019ann\u00e9e suivante, le prix du meilleur film aux Prix \u00c9crans canadiens. Parmi les distinctions de Grant figurent le Prix du producteur de long m\u00e9trage d\u00e9cern\u00e9 par l\u2019Association canadienne des producteurs de m\u00e9dias (CMPA) en 2014 (remis lors du TIFF) et son Prix Indiescreen du producteur \u00e9tabli re\u00e7u en 2023.<\/p><p>Avec plus de deux d\u00e9cennies de succ\u00e8s internationaux acclam\u00e9s et prim\u00e9s \u00e0 son actif, Grant a produit de nombreux autres titres tr\u00e8s appr\u00e9ci\u00e9s dans les festivals, comme <em>F\u00e9lix et Meira<\/em> de Maxime Giroux, nomm\u00e9 Meilleur Film canadien au TIFF en 2014; <em>La femme de mon fr\u00e8re<\/em> de Monia Chokri, r\u00e9cipiendaire du Prix coup de c\u0153ur du jury \u00e0<em> Un Certain Regard<\/em> \u00e0 Cannes en 2019, notamment. Elle a \u00e9galement \u00e9t\u00e9 l&#8217;une des productrices ex\u00e9cutives du film <em>Valeur sentimentale<\/em> de Joachim Trier, sorti en 2025, qui a remport\u00e9 le Grand Prix du jury \u00e0 Cannes !<\/p><p>Grant appr\u00e9cie les approches concr\u00e8tes, c\u2019est l\u2019une des raisons pour lesquelles elle aime travailler avec des r\u00e9alisateurs d\u00e9butants. \u00ab J\u2019ai produit de nombreux premiers films et j\u2019appr\u00e9cie le r\u00f4le plus impliqu\u00e9 que cela exige de ma part \u00bb, explique-t-elle. Elle appr\u00e9cie \u00e9galement de nouer des relations professionnelles \u00e0 long terme. \u00ab J\u2019ai la chance de travailler depuis un certain temps d\u00e9j\u00e0 avec mk2 Films [l\u2019agent de ventes internationales de <em>Closing Night]<\/em>. En tant que productrice, j\u2019aime choisir des cin\u00e9astes et des partenaires, puis m\u2019attacher \u00e0 eux pour construire des relations de confiance \u00e0 long terme ! \u00bb. \u00c0 l\u2019approche du TIFF, elle a h\u00e2te que le public d\u00e9couvre le film lors de sa premi\u00e8re mondiale. \u00ab Toute l\u2019\u00e9quipe du film est tr\u00e8s impatiente de participer \u00e0 la premi\u00e8re au TIFF et nous avons h\u00e2te de regarder le film pour la premi\u00e8re fois devant un large public ! \u00bb<\/p>\t\t\t\t\t\t\t\t<\/div>\n\t\t\t\t<\/div>\n\t\t\t\t\t<\/div>\n\t\t<\/div>\n\t\t\t\t\t<\/div>\n\t\t<\/section>\n\t\t\t\t<section class=\"elementor-section elementor-top-section elementor-element elementor-element-dc9c6bf elementor-section-boxed elementor-section-height-default elementor-section-height-default\" data-id=\"dc9c6bf\" data-element_type=\"section\" data-e-type=\"section\">\n\t\t\t\t\t\t<div class=\"elementor-container elementor-column-gap-default\">\n\t\t\t\t\t<div class=\"elementor-column elementor-col-100 elementor-top-column elementor-element elementor-element-24b3b68\" data-id=\"24b3b68\" data-element_type=\"column\" data-e-type=\"column\">\n\t\t\t<div class=\"elementor-widget-wrap elementor-element-populated\">\n\t\t\t\t\t\t<div class=\"elementor-element elementor-element-d1a05e0 elementor-widget elementor-widget-spacer\" data-id=\"d1a05e0\" data-element_type=\"widget\" data-e-type=\"widget\" data-widget_type=\"spacer.default\">\n\t\t\t\t<div class=\"elementor-widget-container\">\n\t\t\t\t\t\t\t<div class=\"elementor-spacer\">\n\t\t\t<div class=\"elementor-spacer-inner\"><\/div>\n\t\t<\/div>\n\t\t\t\t\t\t<\/div>\n\t\t\t\t<\/div>\n\t\t\t\t<div class=\"elementor-element elementor-element-69d8980 elementor-widget elementor-widget-heading\" data-id=\"69d8980\" data-element_type=\"widget\" data-e-type=\"widget\" data-widget_type=\"heading.default\">\n\t\t\t\t<div class=\"elementor-widget-container\">\n\t\t\t\t\t<h2 class=\"elementor-heading-title elementor-size-default\" id=\"in-alaska-la-synergie-creative-met-en-lumiere-des-themes-plus-sombres\">IN ALASKA : La synergie cr\u00e9ative met en lumi\u00e8re des th\u00e8mes plus sombres <\/h2>\t\t\t\t<\/div>\n\t\t\t\t<\/div>\n\t\t\t\t<div class=\"elementor-element elementor-element-c59eafe elementor-widget elementor-widget-text-editor\" data-id=\"c59eafe\" data-element_type=\"widget\" data-e-type=\"widget\" data-widget_type=\"text-editor.default\">\n\t\t\t\t<div class=\"elementor-widget-container\">\n\t\t\t\t\t\t\t\t\t<p><strong>IJswater Films (Pays-Bas), Experimental Forest (Canada), <\/strong><strong>Uuktumiaq Studios (Canada)<\/strong><\/p>\t\t\t\t\t\t\t\t<\/div>\n\t\t\t\t<\/div>\n\t\t\t\t<section class=\"elementor-section elementor-inner-section elementor-element elementor-element-682727a elementor-section-boxed elementor-section-height-default elementor-section-height-default\" data-id=\"682727a\" data-element_type=\"section\" data-e-type=\"section\">\n\t\t\t\t\t\t<div class=\"elementor-container elementor-column-gap-default\">\n\t\t\t\t\t<div class=\"elementor-column elementor-col-50 elementor-inner-column elementor-element elementor-element-9d4a7ab\" data-id=\"9d4a7ab\" data-element_type=\"column\" data-e-type=\"column\">\n\t\t\t<div class=\"elementor-widget-wrap elementor-element-populated\">\n\t\t\t\t\t\t<div class=\"elementor-element elementor-element-0a2494d elementor-widget elementor-widget-image\" data-id=\"0a2494d\" data-element_type=\"widget\" data-e-type=\"widget\" data-widget_type=\"image.default\">\n\t\t\t\t<div class=\"elementor-widget-container\">\n\t\t\t\t\t\t\t\t\t\t\t\t\t\t\t<img loading=\"lazy\" decoding=\"async\" width=\"1024\" height=\"429\" src=\"https:\/\/rdvcanada.ca\/wp-content\/uploads\/2026\/09\/1.-IN_ALASKA_4K-stills_01_14_20_00-1024x429.jpg\" class=\"attachment-large size-large wp-image-147853\" alt=\"1. IN_ALASKA_4K-stills_01_14_20_00\" srcset=\"https:\/\/rdvcanada.ca\/wp-content\/uploads\/2026\/09\/1.-IN_ALASKA_4K-stills_01_14_20_00-1024x429.jpg 1024w, https:\/\/rdvcanada.ca\/wp-content\/uploads\/2026\/09\/1.-IN_ALASKA_4K-stills_01_14_20_00-768x322.jpg 768w, https:\/\/rdvcanada.ca\/wp-content\/uploads\/2026\/09\/1.-IN_ALASKA_4K-stills_01_14_20_00-1536x644.jpg 1536w, https:\/\/rdvcanada.ca\/wp-content\/uploads\/2026\/09\/1.-IN_ALASKA_4K-stills_01_14_20_00-2048x858.jpg 2048w, https:\/\/rdvcanada.ca\/wp-content\/uploads\/2026\/09\/1.-IN_ALASKA_4K-stills_01_14_20_00-224x94.jpg 224w\" sizes=\"auto, (max-width: 1024px) 100vw, 1024px\" \/>\t\t\t\t\t\t\t\t\t\t\t\t\t\t\t<\/div>\n\t\t\t\t<\/div>\n\t\t\t\t\t<\/div>\n\t\t<\/div>\n\t\t\t\t<div class=\"elementor-column elementor-col-50 elementor-inner-column elementor-element elementor-element-0f30143\" data-id=\"0f30143\" data-element_type=\"column\" data-e-type=\"column\">\n\t\t\t<div class=\"elementor-widget-wrap elementor-element-populated\">\n\t\t\t\t\t\t<div class=\"elementor-element elementor-element-9bc4cfe elementor-widget elementor-widget-text-editor\" data-id=\"9bc4cfe\" data-element_type=\"widget\" data-e-type=\"widget\" data-widget_type=\"text-editor.default\">\n\t\t\t\t<div class=\"elementor-widget-container\">\n\t\t\t\t\t\t\t\t\t<p>Pr\u00e9sent\u00e9 en premi\u00e8re mondiale, ce thriller coproduit par les Pays-Bas et le Canada est sign\u00e9 par Experimental Forest Films, le studio britanno-colombien \u00e0 l\u2019origine de <em>The Body Remembers When the World Broke Open<\/em> (2019), laur\u00e9at du prix Rogers du meilleur film canadien.<\/p>\t\t\t\t\t\t\t\t<\/div>\n\t\t\t\t<\/div>\n\t\t\t\t\t<\/div>\n\t\t<\/div>\n\t\t\t\t\t<\/div>\n\t\t<\/section>\n\t\t\t\t<div class=\"elementor-element elementor-element-30b90b6 elementor-widget elementor-widget-text-editor\" data-id=\"30b90b6\" data-element_type=\"widget\" data-e-type=\"widget\" data-widget_type=\"text-editor.default\">\n\t\t\t\t<div class=\"elementor-widget-container\">\n\t\t\t\t\t\t\t\t\t<p>\u00ab C\u2019est l\u2019histoire d\u2019un retour aux sources \u00bb, explique le producteur canadien Tyler Hagan \u00e0 propos du film <a href=\"https:\/\/tiff.net\/films\/in-alaska\">IN ALASKA<\/a>. <strong>\u00ab C\u2019est l\u2019histoire d\u2019un jeune homme qui, \u00e0 travers une situation tr\u00e8s \u00e9trange et intense \u00e0 laquelle il ne s\u2019attendait pas, trouve une raison de vivre \u2013 ce qu\u2019il n\u2019avait pas au d\u00e9but du film. C\u2019est donc une histoire pleine d\u2019espoir, m\u00eame si elle ne cache pas les aspects les plus sombres de la r\u00e9alit\u00e9 de la vie dans le Nord. \u00bb<\/strong><\/p><p>Le film a \u00e9t\u00e9 co\u00e9crit et cor\u00e9alis\u00e9 par le cin\u00e9aste n\u00e9erlandais Jaap van Heusden, qui a imagin\u00e9 l&#8217;histoire il y a dix ans, et par Vinnie Karetak, des studios Uuktumiaq bas\u00e9s au Nunavut, connu pour avoir \u00e9crit la s\u00e9rie Inuktitut <em>Qanurli?<\/em> et pour avoir jou\u00e9 dans <em>The Grizzlies<\/em> et <em>North of North<\/em>. Karatek est \u00e9galement producteur du film In Alaska. Ce duo cr\u00e9atif s&#8217;est rencontr\u00e9 pour la premi\u00e8re fois lors d&#8217;un atelier d&#8217;\u00e9criture de sc\u00e9nario, ce qui a men\u00e9 \u00e0 cette collaboration.<\/p><p>\u00ab Ce projet a b\u00e9n\u00e9fici\u00e9 d\u2019un large soutien de la part des deux parties \u00e0 la coproduction, ce qui \u00e9tait formidable \u00bb, explique Hagan. Bien que le Canada ait \u00e9t\u00e9 un coproducteur minoritaire, le film y a \u00e9t\u00e9 enti\u00e8rement tourn\u00e9. Hagan s\u2019est donc montr\u00e9 reconnaissant de la synergie et de la confiance qui ont r\u00e9gn\u00e9 tout au long de la collaboration, notamment de la part de son homologue n\u00e9erlandais, le producteur Marc Bary, et des producteurs ex\u00e9cutifs de Rhombus Media \u00e0 Toronto<strong>. \u00ab Dans toute relation cr\u00e9ative intense, on s\u2019engage sur le long terme. On fait preuve de rigueur, mais on esp\u00e8re que les attentes concordent! Heureusement, dans ce cas pr\u00e9cis, l\u2019excellente dynamique entre les producteurs et les r\u00e9alisateurs a contribu\u00e9 \u00e0 la r\u00e9ussite de ce projet. \u00bb<\/strong><\/p><p>Les \u00e9quipes \u00e9taient \u00e9galement d\u2019accord sur la n\u00e9cessit\u00e9 de traiter avec honn\u00eatet\u00e9 les th\u00e8mes sombres de l\u2019histoire. \u00ab Ce n\u2019est pas un sujet que nous voulons traiter \u00e0 la l\u00e9g\u00e8re ni de mani\u00e8re sensationnaliste, mais nous ne voulons pas non plus le passer sous silence et faire comme si ces probl\u00e8mes n\u2019existaient pas \u00bb, explique-t-il \u00e0 propos des taux de suicide \u00e9lev\u00e9s chez les jeunes Inuits d\u2019Alaska, du Nunavut et du Groenland, qui, pr\u00e9cise-t-il, comptent parmi les plus \u00e9lev\u00e9s au monde et sont disproportionnellement sup\u00e9rieurs \u00e0 la moyenne canadienne. \u00ab Cela peut clairement \u00eatre li\u00e9 \u00e0 des facteurs tels que les traumatismes interg\u00e9n\u00e9rationnels, le colonialisme et la perte du lien avec la culture. \u201cAs-tu un but dans la vie? As-tu quelque chose \u00e0 apporter \u00e0 ta communaut\u00e9?\u201d Quand on vit dans une communaut\u00e9 isol\u00e9e o\u00f9 les possibilit\u00e9s sont rares, les choses peuvent tr\u00e8s vite devenir sombres. \u00bb<\/p><p>Le projet a particip\u00e9 au\u00a0<em>March\u00e9 de coproductions L\u2019Atelier\u00a0de Cannes<\/em>, au<em>\u00a0International Financing Forum<\/em>\u00a0du TIFF\u00a0ainsi qu\u2019au\u00a0<em>Venice Gap-Financing\u00a0Marke<\/em>t\u00a0pendant son d\u00e9veloppement.\u00a0Ayant \u00ab\u00a0beaucoup appris \u00bb en r\u00e9alisant ce film, Hagan est impatient de le partager avec le public du TIFF. \u00ab\u00a0C\u2019est gratifiant de ressentir les r\u00e9actions et les \u00e9motions. On travaille sur des projets pendant tant d\u2019ann\u00e9es, en relevant des d\u00e9fis incroyables en cours de route. C\u2019est formidable de c\u00e9l\u00e9brer ce film et l\u2019excellent travail accompli par des centaines d\u2019artistes. \u00bb<\/p>\t\t\t\t\t\t\t\t<\/div>\n\t\t\t\t<\/div>\n\t\t\t\t<div class=\"elementor-element elementor-element-1fc5ed3 elementor-widget elementor-widget-text-editor\" data-id=\"1fc5ed3\" data-element_type=\"widget\" data-e-type=\"widget\" data-widget_type=\"text-editor.default\">\n\t\t\t\t<div class=\"elementor-widget-container\">\n\t\t\t\t\t\t\t\t\t<p>\u00a0<\/p>\n<p><strong><em>Pour tout savoir \u00e0 propos de la pr\u00e9sence du Canada au TIFF 2026, veuillez consulter la page de l\u2019\u00e9v\u00e9nement : <\/em><\/strong><a href=\"https:\/\/rdvcanada.ca\/fr\/festivals\/tiff-2026\/\"><strong><em>Le Canada au TIFF 2026<\/em><\/strong><\/a><strong><em>. On se voit l\u00e0-bas!<\/em><\/strong><\/p>\t\t\t\t\t\t\t\t<\/div>\n\t\t\t\t<\/div>\n\t\t\t\t\t<\/div>\n\t\t<\/div>\n\t\t\t\t\t<\/div>\n\t\t<\/section>\n\t\t\t\t<\/div>\n\t\t","protected":false},"excerpt":{"rendered":"<p>Pour vous donner encore plus envie de d\u00e9couvrir la 51e&#8230;<\/p>\n","protected":false},"author":2560,"featured_media":147858,"comment_status":"closed","ping_status":"closed","sticky":false,"template":"","format":"standard","meta":{"_acf_changed":false,"footnotes":""},"categories":[825,331],"tags":[],"class_list":["post-147862","post","type-post","status-publish","format-standard","has-post-thumbnail","hentry","category-coproduction-fr","category-evenements","posts_festivals-tiff-2026-fr"],"acf":[],"yoast_head":"<!-- This site is optimized with the Yoast SEO plugin v28.4 - https:\/\/yoast.com\/product\/yoast-seo-wordpress\/ -->\n<title>PLEINS FEUX SUR LE TIFF 2026 : quatre coproductions, quatre entrevues, quatre histoires. - Industrie Audiovisuelle Canadienne<\/title>\n<meta name=\"description\" content=\"Pour vous donner encore plus envie de d\u00e9couvrir la 51e \u00e9dition du Festival international du film de Toronto (TIFF), du 10 au 20 septembre 2026, nous avons\" \/>\n<meta name=\"robots\" content=\"index, follow, max-snippet:-1, max-image-preview:large, max-video-preview:-1\" \/>\n<link rel=\"canonical\" href=\"https:\/\/rdvcanada.ca\/fr\/evenements\/pleins-feux-sur-le-tiff-2026-quatre-coproductions-quatre-entrevues-quatre-histoires\/\" \/>\n<meta property=\"og:locale\" content=\"fr_CA\" \/>\n<meta property=\"og:type\" content=\"article\" \/>\n<meta property=\"og:title\" content=\"PLEINS FEUX SUR LE TIFF 2026 : quatre coproductions, quatre entrevues, quatre histoires. - Industrie Audiovisuelle Canadienne\" \/>\n<meta property=\"og:description\" content=\"Pour vous donner encore plus envie de d\u00e9couvrir la 51e \u00e9dition du Festival international du film de Toronto (TIFF), du 10 au 20 septembre 2026, nous avons\" \/>\n<meta property=\"og:url\" content=\"https:\/\/rdvcanada.ca\/fr\/evenements\/pleins-feux-sur-le-tiff-2026-quatre-coproductions-quatre-entrevues-quatre-histoires\/\" \/>\n<meta property=\"og:site_name\" content=\"RDVCanada.ca\" \/>\n<meta property=\"article:publisher\" content=\"https:\/\/www.facebook.com\/telefilmcanada\" \/>\n<meta property=\"article:published_time\" content=\"2026-09-02T15:22:52+00:00\" \/>\n<meta property=\"article:modified_time\" content=\"2026-09-02T18:32:13+00:00\" \/>\n<meta property=\"og:image\" content=\"https:\/\/rdvcanada.ca\/wp-content\/uploads\/2026\/09\/RDVCANADA_TIFF2026_Copro-Article-1024x384.png\" \/>\n\t<meta property=\"og:image:width\" content=\"1024\" \/>\n\t<meta property=\"og:image:height\" content=\"384\" \/>\n\t<meta property=\"og:image:type\" content=\"image\/png\" \/>\n<meta name=\"author\" content=\"Lucie Plantier\" \/>\n<meta name=\"twitter:card\" content=\"summary_large_image\" \/>\n<meta name=\"twitter:label1\" content=\"\u00c9crit par\" \/>\n\t<meta name=\"twitter:data1\" content=\"Lucie Plantier\" \/>\n\t<meta name=\"twitter:label2\" content=\"Estimation du temps de lecture\" \/>\n\t<meta name=\"twitter:data2\" content=\"14 minutes\" \/>\n<script type=\"application\/ld+json\" class=\"yoast-schema-graph\">{\n\t    \"@context\": \"https:\\\/\\\/schema.org\",\n\t    \"@graph\": [\n\t        {\n\t            \"@type\": \"Article\",\n\t            \"@id\": \"https:\\\/\\\/rdvcanada.ca\\\/fr\\\/evenements\\\/pleins-feux-sur-le-tiff-2026-quatre-coproductions-quatre-entrevues-quatre-histoires\\\/#article\",\n\t            \"isPartOf\": {\n\t                \"@id\": \"https:\\\/\\\/rdvcanada.ca\\\/fr\\\/evenements\\\/pleins-feux-sur-le-tiff-2026-quatre-coproductions-quatre-entrevues-quatre-histoires\\\/\"\n\t            },\n\t            \"author\": {\n\t                \"name\": \"Lucie Plantier\",\n\t                \"@id\": \"https:\\\/\\\/rdvcanada.ca\\\/en\\\/#\\\/schema\\\/person\\\/bb84f6b84b41e4507698d932dbee60ae\"\n\t            },\n\t            \"headline\": \"PLEINS FEUX SUR LE TIFF 2026 : quatre coproductions, quatre entrevues, quatre histoires.\",\n\t            \"datePublished\": \"2026-09-02T15:22:52+00:00\",\n\t            \"dateModified\": \"2026-09-02T18:32:13+00:00\",\n\t            \"mainEntityOfPage\": {\n\t                \"@id\": \"https:\\\/\\\/rdvcanada.ca\\\/fr\\\/evenements\\\/pleins-feux-sur-le-tiff-2026-quatre-coproductions-quatre-entrevues-quatre-histoires\\\/\"\n\t            },\n\t            \"wordCount\": 2750,\n\t            \"image\": {\n\t                \"@id\": \"https:\\\/\\\/rdvcanada.ca\\\/fr\\\/evenements\\\/pleins-feux-sur-le-tiff-2026-quatre-coproductions-quatre-entrevues-quatre-histoires\\\/#primaryimage\"\n\t            },\n\t            \"thumbnailUrl\": \"https:\\\/\\\/rdvcanada.ca\\\/wp-content\\\/uploads\\\/2026\\\/09\\\/RDVCANADA_TIFF2026_Copro-Article.jpg\",\n\t            \"articleSection\": [\n\t                \"Coproduction\",\n\t                \"\u00c9v\u00e9nements\"\n\t            ],\n\t            \"inLanguage\": \"fr-CA\"\n\t        },\n\t        {\n\t            \"@type\": \"WebPage\",\n\t            \"@id\": \"https:\\\/\\\/rdvcanada.ca\\\/fr\\\/evenements\\\/pleins-feux-sur-le-tiff-2026-quatre-coproductions-quatre-entrevues-quatre-histoires\\\/\",\n\t            \"url\": \"https:\\\/\\\/rdvcanada.ca\\\/fr\\\/evenements\\\/pleins-feux-sur-le-tiff-2026-quatre-coproductions-quatre-entrevues-quatre-histoires\\\/\",\n\t            \"name\": \"PLEINS FEUX SUR LE TIFF 2026 : quatre coproductions, quatre entrevues, quatre histoires. - Industrie Audiovisuelle Canadienne\",\n\t            \"isPartOf\": {\n\t                \"@id\": \"https:\\\/\\\/rdvcanada.ca\\\/en\\\/#website\"\n\t            },\n\t            \"primaryImageOfPage\": {\n\t                \"@id\": \"https:\\\/\\\/rdvcanada.ca\\\/fr\\\/evenements\\\/pleins-feux-sur-le-tiff-2026-quatre-coproductions-quatre-entrevues-quatre-histoires\\\/#primaryimage\"\n\t            },\n\t            \"image\": {\n\t                \"@id\": \"https:\\\/\\\/rdvcanada.ca\\\/fr\\\/evenements\\\/pleins-feux-sur-le-tiff-2026-quatre-coproductions-quatre-entrevues-quatre-histoires\\\/#primaryimage\"\n\t            },\n\t            \"thumbnailUrl\": \"https:\\\/\\\/rdvcanada.ca\\\/wp-content\\\/uploads\\\/2026\\\/09\\\/RDVCANADA_TIFF2026_Copro-Article.jpg\",\n\t            \"datePublished\": \"2026-09-02T15:22:52+00:00\",\n\t            \"dateModified\": \"2026-09-02T18:32:13+00:00\",\n\t            \"author\": {\n\t                \"@id\": \"https:\\\/\\\/rdvcanada.ca\\\/en\\\/#\\\/schema\\\/person\\\/bb84f6b84b41e4507698d932dbee60ae\"\n\t            },\n\t            \"description\": \"Pour vous donner encore plus envie de d\u00e9couvrir la 51e \u00e9dition du Festival international du film de Toronto (TIFF), du 10 au 20 septembre 2026, nous avons\",\n\t            \"breadcrumb\": {\n\t                \"@id\": \"https:\\\/\\\/rdvcanada.ca\\\/fr\\\/evenements\\\/pleins-feux-sur-le-tiff-2026-quatre-coproductions-quatre-entrevues-quatre-histoires\\\/#breadcrumb\"\n\t            },\n\t            \"inLanguage\": \"fr-CA\",\n\t            \"potentialAction\": [\n\t                {\n\t                    \"@type\": \"ReadAction\",\n\t                    \"target\": [\n\t                        \"https:\\\/\\\/rdvcanada.ca\\\/fr\\\/evenements\\\/pleins-feux-sur-le-tiff-2026-quatre-coproductions-quatre-entrevues-quatre-histoires\\\/\"\n\t                    ]\n\t                }\n\t            ]\n\t        },\n\t        {\n\t            \"@type\": \"ImageObject\",\n\t            \"inLanguage\": \"fr-CA\",\n\t            \"@id\": \"https:\\\/\\\/rdvcanada.ca\\\/fr\\\/evenements\\\/pleins-feux-sur-le-tiff-2026-quatre-coproductions-quatre-entrevues-quatre-histoires\\\/#primaryimage\",\n\t            \"url\": \"https:\\\/\\\/rdvcanada.ca\\\/wp-content\\\/uploads\\\/2026\\\/09\\\/RDVCANADA_TIFF2026_Copro-Article.jpg\",\n\t            \"contentUrl\": \"https:\\\/\\\/rdvcanada.ca\\\/wp-content\\\/uploads\\\/2026\\\/09\\\/RDVCANADA_TIFF2026_Copro-Article.jpg\",\n\t            \"width\": 2400,\n\t            \"height\": 900\n\t        },\n\t        {\n\t            \"@type\": \"BreadcrumbList\",\n\t            \"@id\": \"https:\\\/\\\/rdvcanada.ca\\\/fr\\\/evenements\\\/pleins-feux-sur-le-tiff-2026-quatre-coproductions-quatre-entrevues-quatre-histoires\\\/#breadcrumb\",\n\t            \"itemListElement\": [\n\t                {\n\t                    \"@type\": \"ListItem\",\n\t                    \"position\": 1,\n\t                    \"name\": \"Home\",\n\t                    \"item\": \"https:\\\/\\\/rdvcanada.ca\\\/en\\\/\"\n\t                },\n\t                {\n\t                    \"@type\": \"ListItem\",\n\t                    \"position\": 2,\n\t                    \"name\": \"PLEINS FEUX SUR LE TIFF 2026 : quatre coproductions, quatre entrevues, quatre histoires.\"\n\t                }\n\t            ]\n\t        },\n\t        {\n\t            \"@type\": \"WebSite\",\n\t            \"@id\": \"https:\\\/\\\/rdvcanada.ca\\\/en\\\/#website\",\n\t            \"url\": \"https:\\\/\\\/rdvcanada.ca\\\/en\\\/\",\n\t            \"name\": \"RDVCanada.ca\",\n\t            \"description\": \"VOIR GRAND. D\u00e9couvrez le meilleur du talent Canadien \u00e0 travers le monde.\",\n\t            \"potentialAction\": [\n\t                {\n\t                    \"@type\": \"SearchAction\",\n\t                    \"target\": {\n\t                        \"@type\": \"EntryPoint\",\n\t                        \"urlTemplate\": \"https:\\\/\\\/rdvcanada.ca\\\/en\\\/?s={search_term_string}\"\n\t                    },\n\t                    \"query-input\": {\n\t                        \"@type\": \"PropertyValueSpecification\",\n\t                        \"valueRequired\": true,\n\t                        \"valueName\": \"search_term_string\"\n\t                    }\n\t                }\n\t            ],\n\t            \"inLanguage\": \"fr-CA\"\n\t        },\n\t        {\n\t            \"@type\": \"Person\",\n\t            \"@id\": \"https:\\\/\\\/rdvcanada.ca\\\/en\\\/#\\\/schema\\\/person\\\/bb84f6b84b41e4507698d932dbee60ae\",\n\t            \"name\": \"Lucie Plantier\"\n\t        }\n\t    ]\n\t}<\/script>\n<!-- \/ Yoast SEO plugin. -->","yoast_head_json":{"title":"PLEINS FEUX SUR LE TIFF 2026 : quatre coproductions, quatre entrevues, quatre histoires. - Industrie Audiovisuelle Canadienne","description":"Pour vous donner encore plus envie de d\u00e9couvrir la 51e \u00e9dition du Festival international du film de Toronto (TIFF), du 10 au 20 septembre 2026, nous avons","robots":{"index":"index","follow":"follow","max-snippet":"max-snippet:-1","max-image-preview":"max-image-preview:large","max-video-preview":"max-video-preview:-1"},"canonical":"https:\/\/rdvcanada.ca\/fr\/evenements\/pleins-feux-sur-le-tiff-2026-quatre-coproductions-quatre-entrevues-quatre-histoires\/","og_locale":"fr_CA","og_type":"article","og_title":"PLEINS FEUX SUR LE TIFF 2026 : quatre coproductions, quatre entrevues, quatre histoires. - Industrie Audiovisuelle Canadienne","og_description":"Pour vous donner encore plus envie de d\u00e9couvrir la 51e \u00e9dition du Festival international du film de Toronto (TIFF), du 10 au 20 septembre 2026, nous avons","og_url":"https:\/\/rdvcanada.ca\/fr\/evenements\/pleins-feux-sur-le-tiff-2026-quatre-coproductions-quatre-entrevues-quatre-histoires\/","og_site_name":"RDVCanada.ca","article_publisher":"https:\/\/www.facebook.com\/telefilmcanada","article_published_time":"2026-09-02T15:22:52+00:00","article_modified_time":"2026-09-02T18:32:13+00:00","og_image":[{"width":1024,"height":384,"url":"https:\/\/rdvcanada.ca\/wp-content\/uploads\/2026\/09\/RDVCANADA_TIFF2026_Copro-Article-1024x384.png","type":"image\/png"}],"author":"Lucie Plantier","twitter_card":"summary_large_image","twitter_misc":{"\u00c9crit par":"Lucie Plantier","Estimation du temps de lecture":"14 minutes"},"schema":{"@context":"https:\/\/schema.org","@graph":[{"@type":"Article","@id":"https:\/\/rdvcanada.ca\/fr\/evenements\/pleins-feux-sur-le-tiff-2026-quatre-coproductions-quatre-entrevues-quatre-histoires\/#article","isPartOf":{"@id":"https:\/\/rdvcanada.ca\/fr\/evenements\/pleins-feux-sur-le-tiff-2026-quatre-coproductions-quatre-entrevues-quatre-histoires\/"},"author":{"name":"Lucie Plantier","@id":"https:\/\/rdvcanada.ca\/en\/#\/schema\/person\/bb84f6b84b41e4507698d932dbee60ae"},"headline":"PLEINS FEUX SUR LE TIFF 2026 : quatre coproductions, quatre entrevues, quatre histoires.","datePublished":"2026-09-02T15:22:52+00:00","dateModified":"2026-09-02T18:32:13+00:00","mainEntityOfPage":{"@id":"https:\/\/rdvcanada.ca\/fr\/evenements\/pleins-feux-sur-le-tiff-2026-quatre-coproductions-quatre-entrevues-quatre-histoires\/"},"wordCount":2750,"image":{"@id":"https:\/\/rdvcanada.ca\/fr\/evenements\/pleins-feux-sur-le-tiff-2026-quatre-coproductions-quatre-entrevues-quatre-histoires\/#primaryimage"},"thumbnailUrl":"https:\/\/rdvcanada.ca\/wp-content\/uploads\/2026\/09\/RDVCANADA_TIFF2026_Copro-Article.jpg","articleSection":["Coproduction","\u00c9v\u00e9nements"],"inLanguage":"fr-CA"},{"@type":"WebPage","@id":"https:\/\/rdvcanada.ca\/fr\/evenements\/pleins-feux-sur-le-tiff-2026-quatre-coproductions-quatre-entrevues-quatre-histoires\/","url":"https:\/\/rdvcanada.ca\/fr\/evenements\/pleins-feux-sur-le-tiff-2026-quatre-coproductions-quatre-entrevues-quatre-histoires\/","name":"PLEINS FEUX SUR LE TIFF 2026 : quatre coproductions, quatre entrevues, quatre histoires. - Industrie Audiovisuelle Canadienne","isPartOf":{"@id":"https:\/\/rdvcanada.ca\/en\/#website"},"primaryImageOfPage":{"@id":"https:\/\/rdvcanada.ca\/fr\/evenements\/pleins-feux-sur-le-tiff-2026-quatre-coproductions-quatre-entrevues-quatre-histoires\/#primaryimage"},"image":{"@id":"https:\/\/rdvcanada.ca\/fr\/evenements\/pleins-feux-sur-le-tiff-2026-quatre-coproductions-quatre-entrevues-quatre-histoires\/#primaryimage"},"thumbnailUrl":"https:\/\/rdvcanada.ca\/wp-content\/uploads\/2026\/09\/RDVCANADA_TIFF2026_Copro-Article.jpg","datePublished":"2026-09-02T15:22:52+00:00","dateModified":"2026-09-02T18:32:13+00:00","author":{"@id":"https:\/\/rdvcanada.ca\/en\/#\/schema\/person\/bb84f6b84b41e4507698d932dbee60ae"},"description":"Pour vous donner encore plus envie de d\u00e9couvrir la 51e \u00e9dition du Festival international du film de Toronto (TIFF), du 10 au 20 septembre 2026, nous avons","breadcrumb":{"@id":"https:\/\/rdvcanada.ca\/fr\/evenements\/pleins-feux-sur-le-tiff-2026-quatre-coproductions-quatre-entrevues-quatre-histoires\/#breadcrumb"},"inLanguage":"fr-CA","potentialAction":[{"@type":"ReadAction","target":["https:\/\/rdvcanada.ca\/fr\/evenements\/pleins-feux-sur-le-tiff-2026-quatre-coproductions-quatre-entrevues-quatre-histoires\/"]}]},{"@type":"ImageObject","inLanguage":"fr-CA","@id":"https:\/\/rdvcanada.ca\/fr\/evenements\/pleins-feux-sur-le-tiff-2026-quatre-coproductions-quatre-entrevues-quatre-histoires\/#primaryimage","url":"https:\/\/rdvcanada.ca\/wp-content\/uploads\/2026\/09\/RDVCANADA_TIFF2026_Copro-Article.jpg","contentUrl":"https:\/\/rdvcanada.ca\/wp-content\/uploads\/2026\/09\/RDVCANADA_TIFF2026_Copro-Article.jpg","width":2400,"height":900},{"@type":"BreadcrumbList","@id":"https:\/\/rdvcanada.ca\/fr\/evenements\/pleins-feux-sur-le-tiff-2026-quatre-coproductions-quatre-entrevues-quatre-histoires\/#breadcrumb","itemListElement":[{"@type":"ListItem","position":1,"name":"Home","item":"https:\/\/rdvcanada.ca\/en\/"},{"@type":"ListItem","position":2,"name":"PLEINS FEUX SUR LE TIFF 2026 : quatre coproductions, quatre entrevues, quatre histoires."}]},{"@type":"WebSite","@id":"https:\/\/rdvcanada.ca\/en\/#website","url":"https:\/\/rdvcanada.ca\/en\/","name":"RDVCanada.ca","description":"VOIR GRAND. D\u00e9couvrez le meilleur du talent Canadien \u00e0 travers le monde.","potentialAction":[{"@type":"SearchAction","target":{"@type":"EntryPoint","urlTemplate":"https:\/\/rdvcanada.ca\/en\/?s={search_term_string}"},"query-input":{"@type":"PropertyValueSpecification","valueRequired":true,"valueName":"search_term_string"}}],"inLanguage":"fr-CA"},{"@type":"Person","@id":"https:\/\/rdvcanada.ca\/en\/#\/schema\/person\/bb84f6b84b41e4507698d932dbee60ae","name":"Lucie Plantier"}]}},"_links":{"self":[{"href":"https:\/\/rdvcanada.ca\/fr\/wp-json\/wp\/v2\/posts\/147862","targetHints":{"allow":["GET"]}}],"collection":[{"href":"https:\/\/rdvcanada.ca\/fr\/wp-json\/wp\/v2\/posts"}],"about":[{"href":"https:\/\/rdvcanada.ca\/fr\/wp-json\/wp\/v2\/types\/post"}],"author":[{"embeddable":true,"href":"https:\/\/rdvcanada.ca\/fr\/wp-json\/wp\/v2\/users\/2560"}],"replies":[{"embeddable":true,"href":"https:\/\/rdvcanada.ca\/fr\/wp-json\/wp\/v2\/comments?post=147862"}],"version-history":[{"count":0,"href":"https:\/\/rdvcanada.ca\/fr\/wp-json\/wp\/v2\/posts\/147862\/revisions"}],"wp:featuredmedia":[{"embeddable":true,"href":"https:\/\/rdvcanada.ca\/fr\/wp-json\/wp\/v2\/media\/147858"}],"wp:attachment":[{"href":"https:\/\/rdvcanada.ca\/fr\/wp-json\/wp\/v2\/media?parent=147862"}],"wp:term":[{"taxonomy":"category","embeddable":true,"href":"https:\/\/rdvcanada.ca\/fr\/wp-json\/wp\/v2\/categories?post=147862"},{"taxonomy":"post_tag","embeddable":true,"href":"https:\/\/rdvcanada.ca\/fr\/wp-json\/wp\/v2\/tags?post=147862"}],"curies":[{"name":"wp","href":"https:\/\/api.w.org\/{rel}","templated":true}]}}