{"id":147797,"date":"2026-09-01T14:13:50","date_gmt":"2026-09-01T18:13:50","guid":{"rendered":"https:\/\/rdvcanada.ca\/?p=147797"},"modified":"2026-09-02T14:36:43","modified_gmt":"2026-09-02T18:36:43","slug":"panels-a-tiff-le-marche-encore-plus-de-possibilites-pour-votre-projet","status":"publish","type":"post","link":"https:\/\/rdvcanada.ca\/fr\/evenements\/panels-a-tiff-le-marche-encore-plus-de-possibilites-pour-votre-projet\/","title":{"rendered":"Panels \u00e0 TIFF\u00a0: Le March\u00e9, encore plus de possibilit\u00e9s pour votre projet"},"content":{"rendered":"\t\t<div data-elementor-type=\"wp-post\" data-elementor-id=\"147797\" class=\"elementor elementor-147797 elementor-146884\" data-elementor-post-type=\"post\">\n\t\t\t\t\t\t<section class=\"elementor-section elementor-top-section elementor-element elementor-element-4305b2ca elementor-section-boxed elementor-section-height-default elementor-section-height-default\" data-id=\"4305b2ca\" data-element_type=\"section\" data-e-type=\"section\">\n\t\t\t\t\t\t<div class=\"elementor-container elementor-column-gap-default\">\n\t\t\t\t\t<div class=\"elementor-column elementor-col-100 elementor-top-column elementor-element elementor-element-4142099d\" data-id=\"4142099d\" data-element_type=\"column\" data-e-type=\"column\">\n\t\t\t<div class=\"elementor-widget-wrap elementor-element-populated\">\n\t\t\t\t\t\t<div class=\"elementor-element elementor-element-1c47d81b elementor-widget elementor-widget-text-editor\" data-id=\"1c47d81b\" data-element_type=\"widget\" data-e-type=\"widget\" data-widget_type=\"text-editor.default\">\n\t\t\t\t<div class=\"elementor-widget-container\">\n\t\t\t\t\t\t\t\t\t<p>Serez-vous \u00e0 <a href=\"https:\/\/tiff.net\/themarket\">TIFF: Le March\u00e9<\/a> avec un projet \u00e0 l\u2019\u00e9tape du d\u00e9veloppement, du financement, de la production, ou encore un projet achev\u00e9 pour lequel vous aimeriez explorer les options qui s\u2019offrent \u00e0 vous? Voici quelques points forts de la programmation pour vous aider \u00e0 prendre les bonnes d\u00e9cisions pour assurer le succ\u00e8s de votre projet. \u00a0<\/p><p>Du financement \u00e0 la collaboration internationale en passant par l\u2019engagement des auditoires et le d\u00e9veloppement du potentiel commercial d\u2019une propri\u00e9t\u00e9 intellectuelle existante, ces s\u00e9ances produites et financ\u00e9es par T\u00e9l\u00e9film Canada en collaboration avec le TIFF donneront acc\u00e8s aux id\u00e9es et aux points de vue \u00e9clairants de leaders de l\u2019industrie canadienne et internationale, que ce soit au <span style=\"color: #ff0000;\"><strong>Pavillon du Canada<\/strong><\/span> ou sur les sc\u00e8nes du TIFF au Palais des congr\u00e8s du Toronto m\u00e9tropolitain. Ces s\u00e9ances sont con\u00e7ues pour que les d\u00e9l\u00e9gations canadiennes et internationales puissent approfondir leurs connaissances et nouer de nouvelles relations. Et comme l\u2019affirme Julie Roy, Directrice g\u00e9n\u00e9rale et cheffe de la direction de T\u00e9l\u00e9film Canada, \u00ab avec le soutien du gouvernement du Canada, T\u00e9l\u00e9film aide l\u2019industrie audiovisuelle \u00e0 renforcer sa pr\u00e9sence sur la sc\u00e8ne mondiale \u00bb.<\/p><p>La programmation inaugurale commence avec <a href=\"https:\/\/rdvcanada.ca\/fr\/festivals\/tiff-2026\/programmation\/\">\u00a0<strong>Au plaisir de vous voir au Pavillon\u00a0: coup d\u2019envoi du TIFF au Canada<\/strong><\/a> <strong>(10 septembre, 9 h-10 h 30, Pavillon du Canada)<\/strong> \u2013 une c\u00e9l\u00e9bration coanim\u00e9e par T\u00e9l\u00e9film Canada, Ontario Cr\u00e9atif et le Bureau de l\u2019\u00e9cran autochtone. Les cin\u00e9astes et producteurs canadiens s\u00e9lectionn\u00e9s cette ann\u00e9e au TIFF seront pr\u00e9sents aux c\u00f4t\u00e9s des organisations et des \u00e9quipes qui soutiennent le contenu canadien.<\/p><p>Voici certains des grands th\u00e8mes de la programmation qui seront abord\u00e9s apr\u00e8s le coup d\u2019envoi. Tous refl\u00e8tent les possibilit\u00e9s qui s\u2019offrent aux projets dans l\u2019ensemble de l\u2019industrie audiovisuelle d\u2019aujourd\u2019hui.<\/p>\t\t\t\t\t\t\t\t<\/div>\n\t\t\t\t<\/div>\n\t\t\t\t<div class=\"elementor-element elementor-element-43970a7 elementor-widget elementor-widget-heading\" data-id=\"43970a7\" data-element_type=\"widget\" data-e-type=\"widget\" data-widget_type=\"heading.default\">\n\t\t\t\t<div class=\"elementor-widget-container\">\n\t\t\t\t\t<h3 class=\"elementor-heading-title elementor-size-default\" id=\"evaluer-letat-dachevement-dun-projet-alors-que-les-enjeux-financiers-evoluent-constamment\">\u00c9valuer l\u2019\u00e9tat d\u2019ach\u00e8vement d\u2019un projet alors que les enjeux financiers \u00e9voluent constamment<\/h3>\t\t\t\t<\/div>\n\t\t\t\t<\/div>\n\t\t\t\t<div class=\"elementor-element elementor-element-421ae7f elementor-widget elementor-widget-text-editor\" data-id=\"421ae7f\" data-element_type=\"widget\" data-e-type=\"widget\" data-widget_type=\"text-editor.default\">\n\t\t\t\t<div class=\"elementor-widget-container\">\n\t\t\t\t\t\t\t\t\t<p>Apprenez-en plus sur les possibilit\u00e9s de financement pour les productions canadiennes et les coproductions r\u00e9alis\u00e9es avec des \u00e9quipes du Canada. Et \u00e0 l\u2019heure o\u00f9 les outils d\u2019IA sont int\u00e9gr\u00e9s de plus en plus dans les flux de travaux de diff\u00e9rents studios, d\u00e9couvrez des points de vue sur la fa\u00e7on dont l\u2019IA peut am\u00e9liorer la solidit\u00e9 et la viabilit\u00e9 des demandes de financement.<\/p><p><a href=\"https:\/\/rdvcanada.ca\/fr\/festivals\/tiff-2026\/programmation\/\"><strong>Rencontrez le Fonds des m\u00e9dias du Canada et l\u2019\u00e9quipe d\u2019administration des programmes<\/strong><\/a> <strong>(10 septembre, 10 h 30 -12 h, Pavillon du Canada). <\/strong>Les producteurs de contenus de toutes sortes pourront rencontrer des repr\u00e9sentants du Fonds des m\u00e9dias du Canada et de son \u00e9quipe de l\u2019administration des programmes \u00e0 T\u00e9l\u00e9film Canada afin d\u2019en apprendre davantage sur les programmes et sur le processus de d\u00e9p\u00f4t des demandes de financement, et ce, pour les march\u00e9s anglophone et francophone. Cette s\u00e9ance propose du r\u00e9seautage et des tables rondes.<\/p><p><a href=\"https:\/\/rdvcanada.ca\/fr\/festivals\/tiff-2026\/programmation\/\"><strong>Inside Telefilm: Funding, Partnerships and Audiences<\/strong> <\/a><strong>(10 septembre, 12 h 30-13 h 30, sc\u00e8ne du TIFF). <\/strong>Cette table ronde r\u00e9unit Julie Blondin, Directrice nationale, d\u00e9veloppement des affaires et coproduction \u00e0 T\u00e9l\u00e9film Canada, et Erin Burke, Directrice nationale int\u00e9rimaire, march\u00e9 anglophone \u00e0 T\u00e9l\u00e9film Canada. Elle offrira aux d\u00e9l\u00e9gations un regard privil\u00e9gi\u00e9 sur la fa\u00e7on dont les d\u00e9cisions de financement sont prises, et sur le processus d\u2019accompagnement qui s\u2019ensuit. La conversation portera sur les points forts d\u2019une demande de financement et abordera \u00e9galement une question plus large qu\u2019il convient de se poser avant de faire une demande : \u00e0 quoi tient le succ\u00e8s au-del\u00e0 de l\u2019obtention de financement ? On y parlera \u00e9galement des autres moyens employ\u00e9s par T\u00e9l\u00e9film pour soutenir l\u2019industrie canadienne et ses histoires.<\/p><p>Quel impact l\u2019IA peut-elle avoir sur votre demande de financement ? La discussion intitul\u00e9e <a href=\"https:\/\/rdvcanada.ca\/fr\/festivals\/tiff-2026\/programmation\/\"><strong>Financing In the Age of AI<\/strong> <\/a><strong>(11 septembre, 16 h 30-17 h 30, sc\u00e8ne du TIFF<\/strong>) portera sur les possibilit\u00e9s et les risques associ\u00e9s \u00e0 l\u2019utilisation de l\u2019IA en lien avec le financement. Les politiques et les crit\u00e8res d\u2019\u00e9valuation \u00e9voluent constamment, et T\u00e9l\u00e9film Canada partagera son point de vue actuel sur la fa\u00e7on d\u2019utiliser l\u2019IA g\u00e9n\u00e9rative pour r\u00e9ussir \u00e0 obtenir une aide financi\u00e8re. \u00a0<\/p>\t\t\t\t\t\t\t\t<\/div>\n\t\t\t\t<\/div>\n\t\t\t\t<div class=\"elementor-element elementor-element-636fccb elementor-widget elementor-widget-heading\" data-id=\"636fccb\" data-element_type=\"widget\" data-e-type=\"widget\" data-widget_type=\"heading.default\">\n\t\t\t\t<div class=\"elementor-widget-container\">\n\t\t\t\t\t<h3 class=\"elementor-heading-title elementor-size-default\" id=\"une-collaboration-internationale-qui-donne-acces-a-des-capitaux-a-une-expertise-et-a-des-auditoires\">Une collaboration internationale qui donne acc\u00e8s \u00e0 des capitaux, \u00e0 une expertise et \u00e0 des auditoires<\/h3>\t\t\t\t<\/div>\n\t\t\t\t<\/div>\n\t\t\t\t<div class=\"elementor-element elementor-element-5b2c8c7 elementor-widget elementor-widget-text-editor\" data-id=\"5b2c8c7\" data-element_type=\"widget\" data-e-type=\"widget\" data-widget_type=\"text-editor.default\">\n\t\t\t\t<div class=\"elementor-widget-container\">\n\t\t\t\t\t\t\t\t\t<p>Si votre projet pr\u00e9sente un potentiel de succ\u00e8s sur la sc\u00e8ne internationale, trouver le bon partenaire de collaboration peut vous apporter bien davantage qu\u2019une plus grande expertise et de meilleures possibilit\u00e9s de financement. Une connaissance approfondie du march\u00e9 peut renforcer la pertinence de votre contenu \u00e0 l\u2019international de m\u00eame que sa port\u00e9e et ses possibilit\u00e9s de recettes.<\/p><p>Saviez-vous que le Canada est le premier pays non europ\u00e9en \u00e0 avoir adh\u00e9r\u00e9 \u00e0 <strong><a href=\"https:\/\/www.coe.int\/fr\/web\/eurimages\/\">Eurimages<\/a> <\/strong>pour ouvrir la voie \u00e0 de nouvelles collaborations avec des partenaires europ\u00e9ens ? <a href=\"https:\/\/rdvcanada.ca\/fr\/festivals\/tiff-2026\/programmation\/\"><strong>Au-del\u00e0 des fronti\u00e8res\u00a0: financement Eurimages pour les Canadiens<\/strong><\/a> <strong>(10 septembre, 11 h 30-12 h 30, Pavillon du Canada) <\/strong>permet de comprendre le fonctionnement du fonds Eurimages et de d\u00e9couvrir les avantages pour les projets canadiens de travailler avec des partenaires europ\u00e9ens, \u00e0 l\u2019\u00e9tape du d\u00e9veloppement, du financement et jusqu\u2019\u00e0 sa sortie sur le march\u00e9.\u00a0<span data-contrast=\"none\">\u00a0<\/span><span data-ccp-props=\"{&quot;134233117&quot;:false,&quot;134233118&quot;:false,&quot;335557856&quot;:16777215,&quot;335559738&quot;:0,&quot;335559739&quot;:0}\">\u00a0<\/span><\/p><p><a href=\"https:\/\/rdvcanada.ca\/fr\/festivals\/tiff-2026\/programmation\/\"><strong>Connexions francophones\u00a0: produire au Canada et \u00e0 l\u2019international<\/strong><\/a> <strong>(10 septembre, 13\u00a0h 30-16 h 30, Pavillon du Canada) <\/strong>porte sur les occasions d\u2019affaires, les organisations et les ressources qui font progresser le secteur audiovisuel francophone du Canada, sur les perspectives qui fa\u00e7onnent la production en langue fran\u00e7aise et sur le fait de travailler au sein des march\u00e9s provinciaux et internationaux. Cet \u00e9v\u00e9nement en trois volets, qui a lieu en fran\u00e7ais avec interpr\u00e9tation simultan\u00e9e en anglais, comprend des tables rondes, des pr\u00e9sentations de projets et d\u2019entreprises franco-canadiennes et du r\u00e9seautage.<\/p>\t\t\t\t\t\t\t\t<\/div>\n\t\t\t\t<\/div>\n\t\t\t\t<div class=\"elementor-element elementor-element-459e0cd elementor-widget elementor-widget-heading\" data-id=\"459e0cd\" data-element_type=\"widget\" data-e-type=\"widget\" data-widget_type=\"heading.default\">\n\t\t\t\t<div class=\"elementor-widget-container\">\n\t\t\t\t\t<h3 class=\"elementor-heading-title elementor-size-default\" id=\"comment-une-mobilisation-precoce-de-la-communaute-peut-renforcer-lengagement\">Comment une mobilisation pr\u00e9coce de la communaut\u00e9 peut renforcer l\u2019engagement<\/h3>\t\t\t\t<\/div>\n\t\t\t\t<\/div>\n\t\t\t\t<div class=\"elementor-element elementor-element-1efd66e elementor-widget elementor-widget-text-editor\" data-id=\"1efd66e\" data-element_type=\"widget\" data-e-type=\"widget\" data-widget_type=\"text-editor.default\">\n\t\t\t\t<div class=\"elementor-widget-container\">\n\t\t\t\t\t\t\t\t\t<p>Pourquoi attendre la sortie imminente de votre film pour b\u00e2tir votre auditoire ? <a href=\"https:\/\/rdvcanada.ca\/fr\/festivals\/tiff-2026\/programmation\/\"><strong>From Script to Audiences: Building your Community<\/strong><\/a> <strong>(11 septembre, 10 h 30-11 h 30, sc\u00e8ne du TIFF<\/strong>) se penche sur ce qui peut arriver lorsque l\u2019engagement des auditoires <span data-teams=\"true\">s&#8217;amorce plus t\u00f4t que d&#8217;ordinaire <\/span>(alerte au divulg\u00e2cheur : votre investissement dans la mise en march\u00e9 est plus rentable), et sur les fa\u00e7ons d\u2019aborder cette question. Un solide plan d\u2019engagement des auditoires est essentiel \u00e0 tout lancement de projet, de m\u00eame qu\u2019\u00e0 toute demande de financement. R\u00e9unissant Liv Nasner, Directrice du marketing sp\u00e9cialis\u00e9 et de la marque, <strong>Elevation Pictures<\/strong>, Jonathan Wong Chee Hynn, Cocr\u00e9ateur et acteur principal, <strong>Rags 2 Richmond<\/strong>, Chad Archibald, Pr\u00e9sident de <strong>Black Fawn Films<\/strong>, ainsi que la mod\u00e9ratrice Liz Duff, de<strong> Late Night Scrolling with Liz<\/strong>, cette discussion peut non seulement aider les projets \u00e0 attirer des adeptes plus t\u00f4t, mais elle peut aussi contribuer au succ\u00e8s du lancement de projets sur toutes les plateformes, tant pour les nouvelles propri\u00e9t\u00e9s intellectuelles que celles qui sont d\u00e9j\u00e0 sur le march\u00e9.<\/p>\t\t\t\t\t\t\t\t<\/div>\n\t\t\t\t<\/div>\n\t\t\t\t<div class=\"elementor-element elementor-element-8bdb2e8 elementor-widget elementor-widget-heading\" data-id=\"8bdb2e8\" data-element_type=\"widget\" data-e-type=\"widget\" data-widget_type=\"heading.default\">\n\t\t\t\t<div class=\"elementor-widget-container\">\n\t\t\t\t\t<h3 class=\"elementor-heading-title elementor-size-default\" id=\"obtenir-une-nouvelle-valeur-creative-et-commerciale-pour-une-propriete-intellectuelle-existante\">Obtenir une nouvelle valeur cr\u00e9ative et commerciale pour une propri\u00e9t\u00e9 intellectuelle existante<\/h3>\t\t\t\t<\/div>\n\t\t\t\t<\/div>\n\t\t\t\t<div class=\"elementor-element elementor-element-53cada4 elementor-widget elementor-widget-text-editor\" data-id=\"53cada4\" data-element_type=\"widget\" data-e-type=\"widget\" data-widget_type=\"text-editor.default\">\n\t\t\t\t<div class=\"elementor-widget-container\">\n\t\t\t\t\t\t\t\t\t<p>La cr\u00e9ation d\u2019un univers narratif prend du temps, peu importe le m\u00e9dia. Si vous poss\u00e9dez ou g\u00e9rez d\u00e9j\u00e0 une histoire sous propri\u00e9t\u00e9 intellectuelle, ou si vous en avez une en d\u00e9veloppement, augmentez le rendement potentiel de votre investissement en r\u00e9fl\u00e9chissant \u00e0 la fa\u00e7on de d\u00e9velopper diff\u00e9rents \u00e9l\u00e9ments pour cr\u00e9er du nouveau contenu. Anim\u00e9e par Laura Mingail, fondatrice et directrice d\u2019<strong>Archetypes &amp; Effects<\/strong>, <a href=\"https:\/\/rdvcanada.ca\/fr\/festivals\/tiff-2026\/programmation\/\"><strong>Perspectives: Everything Old is IP Again<\/strong><\/a> <strong>(11 septembre, 12 h 30-13 h 30, sc\u00e8ne du TIFF<\/strong>) explique comment des chefs de file de l\u2019industrie, dont le r\u00e9alisateur Michael Dowse (<em>The Stunt Driver<\/em>,<em> FUBAR<\/em>), la productrice Mackenzie Donaldson (<em>Yaga<\/em>) et Lenny Jo Goudreau (<em>Les Boys<\/em>) redynamisent et r\u00e9inventent des histoires existantes et leurs personnages. D\u00e9couvrez diff\u00e9rents processus d\u2019affaires et de cr\u00e9ation susceptibles d\u2019inspirer de nouvelles collaborations et de nouvelles fa\u00e7ons d\u2019attirer les auditoires dans vos univers narratifs.<\/p>\n<p><strong>Un laissez-passer de TIFF : Le March\u00e9<\/strong> est requis pour assister \u00e0 toutes les s\u00e9ances ayant lieu au Palais des congr\u00e8s du Toronto m\u00e9tropolitain ou au <span style=\"color: #ff0000;\"><strong>Pavillon du Canada<\/strong><\/span>. <br \/>D\u00e9couvrez toutes les activit\u00e9s de la programmation se d\u00e9roulant au<a href=\"https:\/\/rdvcanada.ca\/fr\/festivals\/tiff-2026\/programmation\/\"> Pavillon du Canada ici<\/a> et voyez la programmation compl\u00e8te du TIFF <a href=\"https:\/\/tiff.net\/films?series=summit&amp;thumbnail\">ici<\/a> ou sur l\u2019application du TIFF : Le March\u00e9.<\/p>\n<p>\u00a0<\/p>\n<p><em>Article par Laura Mingail.<\/em><\/p>\t\t\t\t\t\t\t\t<\/div>\n\t\t\t\t<\/div>\n\t\t\t\t\t<\/div>\n\t\t<\/div>\n\t\t\t\t\t<\/div>\n\t\t<\/section>\n\t\t\t\t<\/div>\n\t\t","protected":false},"excerpt":{"rendered":"<p>Serez-vous \u00e0 TIFF: Le March\u00e9 avec un projet \u00e0 l\u2019\u00e9tape&#8230;<\/p>\n","protected":false},"author":2560,"featured_media":147819,"comment_status":"closed","ping_status":"closed","sticky":false,"template":"","format":"standard","meta":{"_acf_changed":false,"footnotes":""},"categories":[331,335],"tags":[],"class_list":["post-147797","post","type-post","status-publish","format-standard","has-post-thumbnail","hentry","category-evenements","category-incontournables"],"acf":[],"yoast_head":"<!-- This site is optimized with the Yoast SEO plugin v28.4 - https:\/\/yoast.com\/product\/yoast-seo-wordpress\/ -->\n<title>Panels \u00e0 TIFF\u00a0: Le March\u00e9, encore plus de possibilit\u00e9s pour votre projet - Industrie Audiovisuelle Canadienne<\/title>\n<meta name=\"description\" content=\"Serez-vous \u00e0 TIFF: Le March\u00e9 avec un projet \u00e0 l\u2019\u00e9tape du d\u00e9veloppement, du financement, de la production, ou encore un projet achev\u00e9 pour lequel vous\" \/>\n<meta name=\"robots\" content=\"index, follow, max-snippet:-1, max-image-preview:large, max-video-preview:-1\" \/>\n<link rel=\"canonical\" href=\"https:\/\/rdvcanada.ca\/fr\/evenements\/panels-a-tiff-le-marche-encore-plus-de-possibilites-pour-votre-projet\/\" \/>\n<meta property=\"og:locale\" content=\"fr_CA\" \/>\n<meta property=\"og:type\" content=\"article\" \/>\n<meta property=\"og:title\" content=\"Panels \u00e0 TIFF\u00a0: Le March\u00e9, encore plus de possibilit\u00e9s pour votre projet - Industrie Audiovisuelle Canadienne\" \/>\n<meta property=\"og:description\" content=\"Serez-vous \u00e0 TIFF: Le March\u00e9 avec un projet \u00e0 l\u2019\u00e9tape du d\u00e9veloppement, du financement, de la production, ou encore un projet achev\u00e9 pour lequel vous\" \/>\n<meta property=\"og:url\" content=\"https:\/\/rdvcanada.ca\/fr\/evenements\/panels-a-tiff-le-marche-encore-plus-de-possibilites-pour-votre-projet\/\" \/>\n<meta property=\"og:site_name\" content=\"RDVCanada.ca\" \/>\n<meta property=\"article:publisher\" content=\"https:\/\/www.facebook.com\/telefilmcanada\" \/>\n<meta property=\"article:published_time\" content=\"2026-09-01T18:13:50+00:00\" \/>\n<meta property=\"article:modified_time\" content=\"2026-09-02T18:36:43+00:00\" \/>\n<meta property=\"og:image\" content=\"https:\/\/rdvcanada.ca\/wp-content\/uploads\/2026\/09\/RDVCANADA_TIFF-TheMarket_Programming-Article.png\" \/>\n\t<meta property=\"og:image:width\" content=\"2400\" \/>\n\t<meta property=\"og:image:height\" content=\"900\" \/>\n\t<meta property=\"og:image:type\" content=\"image\/png\" \/>\n<meta name=\"author\" content=\"Lucie Plantier\" \/>\n<meta name=\"twitter:card\" content=\"summary_large_image\" \/>\n<meta name=\"twitter:label1\" content=\"\u00c9crit par\" \/>\n\t<meta name=\"twitter:data1\" content=\"Lucie Plantier\" \/>\n\t<meta name=\"twitter:label2\" content=\"Estimation du temps de lecture\" \/>\n\t<meta name=\"twitter:data2\" content=\"7 minutes\" \/>\n<script type=\"application\/ld+json\" class=\"yoast-schema-graph\">{\n\t    \"@context\": \"https:\\\/\\\/schema.org\",\n\t    \"@graph\": [\n\t        {\n\t            \"@type\": \"Article\",\n\t            \"@id\": \"https:\\\/\\\/rdvcanada.ca\\\/fr\\\/evenements\\\/panels-a-tiff-le-marche-encore-plus-de-possibilites-pour-votre-projet\\\/#article\",\n\t            \"isPartOf\": {\n\t                \"@id\": \"https:\\\/\\\/rdvcanada.ca\\\/fr\\\/evenements\\\/panels-a-tiff-le-marche-encore-plus-de-possibilites-pour-votre-projet\\\/\"\n\t            },\n\t            \"author\": {\n\t                \"name\": \"Lucie Plantier\",\n\t                \"@id\": \"https:\\\/\\\/rdvcanada.ca\\\/en\\\/#\\\/schema\\\/person\\\/bb84f6b84b41e4507698d932dbee60ae\"\n\t            },\n\t            \"headline\": \"Panels \u00e0 TIFF\u00a0: Le March\u00e9, encore plus de possibilit\u00e9s pour votre projet\",\n\t            \"datePublished\": \"2026-09-01T18:13:50+00:00\",\n\t            \"dateModified\": \"2026-09-02T18:36:43+00:00\",\n\t            \"mainEntityOfPage\": {\n\t                \"@id\": \"https:\\\/\\\/rdvcanada.ca\\\/fr\\\/evenements\\\/panels-a-tiff-le-marche-encore-plus-de-possibilites-pour-votre-projet\\\/\"\n\t            },\n\t            \"wordCount\": 1448,\n\t            \"image\": {\n\t                \"@id\": \"https:\\\/\\\/rdvcanada.ca\\\/fr\\\/evenements\\\/panels-a-tiff-le-marche-encore-plus-de-possibilites-pour-votre-projet\\\/#primaryimage\"\n\t            },\n\t            \"thumbnailUrl\": \"https:\\\/\\\/rdvcanada.ca\\\/wp-content\\\/uploads\\\/2026\\\/09\\\/RDVCANADA_TIFF-TheMarket_Programming-Article.png\",\n\t            \"articleSection\": [\n\t                \"\u00c9v\u00e9nements\",\n\t                \"Incontournables\"\n\t            ],\n\t            \"inLanguage\": \"fr-CA\"\n\t        },\n\t        {\n\t            \"@type\": \"WebPage\",\n\t            \"@id\": \"https:\\\/\\\/rdvcanada.ca\\\/fr\\\/evenements\\\/panels-a-tiff-le-marche-encore-plus-de-possibilites-pour-votre-projet\\\/\",\n\t            \"url\": \"https:\\\/\\\/rdvcanada.ca\\\/fr\\\/evenements\\\/panels-a-tiff-le-marche-encore-plus-de-possibilites-pour-votre-projet\\\/\",\n\t            \"name\": \"Panels \u00e0 TIFF\u00a0: Le March\u00e9, encore plus de possibilit\u00e9s pour votre projet - Industrie Audiovisuelle Canadienne\",\n\t            \"isPartOf\": {\n\t                \"@id\": \"https:\\\/\\\/rdvcanada.ca\\\/en\\\/#website\"\n\t            },\n\t            \"primaryImageOfPage\": {\n\t                \"@id\": \"https:\\\/\\\/rdvcanada.ca\\\/fr\\\/evenements\\\/panels-a-tiff-le-marche-encore-plus-de-possibilites-pour-votre-projet\\\/#primaryimage\"\n\t            },\n\t            \"image\": {\n\t                \"@id\": \"https:\\\/\\\/rdvcanada.ca\\\/fr\\\/evenements\\\/panels-a-tiff-le-marche-encore-plus-de-possibilites-pour-votre-projet\\\/#primaryimage\"\n\t            },\n\t            \"thumbnailUrl\": \"https:\\\/\\\/rdvcanada.ca\\\/wp-content\\\/uploads\\\/2026\\\/09\\\/RDVCANADA_TIFF-TheMarket_Programming-Article.png\",\n\t            \"datePublished\": \"2026-09-01T18:13:50+00:00\",\n\t            \"dateModified\": \"2026-09-02T18:36:43+00:00\",\n\t            \"author\": {\n\t                \"@id\": \"https:\\\/\\\/rdvcanada.ca\\\/en\\\/#\\\/schema\\\/person\\\/bb84f6b84b41e4507698d932dbee60ae\"\n\t            },\n\t            \"description\": \"Serez-vous \u00e0 TIFF: Le March\u00e9 avec un projet \u00e0 l\u2019\u00e9tape du d\u00e9veloppement, du financement, de la production, ou encore un projet achev\u00e9 pour lequel vous\",\n\t            \"breadcrumb\": {\n\t                \"@id\": \"https:\\\/\\\/rdvcanada.ca\\\/fr\\\/evenements\\\/panels-a-tiff-le-marche-encore-plus-de-possibilites-pour-votre-projet\\\/#breadcrumb\"\n\t            },\n\t            \"inLanguage\": \"fr-CA\",\n\t            \"potentialAction\": [\n\t                {\n\t                    \"@type\": \"ReadAction\",\n\t                    \"target\": [\n\t                        \"https:\\\/\\\/rdvcanada.ca\\\/fr\\\/evenements\\\/panels-a-tiff-le-marche-encore-plus-de-possibilites-pour-votre-projet\\\/\"\n\t                    ]\n\t                }\n\t            ]\n\t        },\n\t        {\n\t            \"@type\": \"ImageObject\",\n\t            \"inLanguage\": \"fr-CA\",\n\t            \"@id\": \"https:\\\/\\\/rdvcanada.ca\\\/fr\\\/evenements\\\/panels-a-tiff-le-marche-encore-plus-de-possibilites-pour-votre-projet\\\/#primaryimage\",\n\t            \"url\": \"https:\\\/\\\/rdvcanada.ca\\\/wp-content\\\/uploads\\\/2026\\\/09\\\/RDVCANADA_TIFF-TheMarket_Programming-Article.png\",\n\t            \"contentUrl\": \"https:\\\/\\\/rdvcanada.ca\\\/wp-content\\\/uploads\\\/2026\\\/09\\\/RDVCANADA_TIFF-TheMarket_Programming-Article.png\",\n\t            \"width\": 2400,\n\t            \"height\": 900\n\t        },\n\t        {\n\t            \"@type\": \"BreadcrumbList\",\n\t            \"@id\": \"https:\\\/\\\/rdvcanada.ca\\\/fr\\\/evenements\\\/panels-a-tiff-le-marche-encore-plus-de-possibilites-pour-votre-projet\\\/#breadcrumb\",\n\t            \"itemListElement\": [\n\t                {\n\t                    \"@type\": \"ListItem\",\n\t                    \"position\": 1,\n\t                    \"name\": \"Home\",\n\t                    \"item\": \"https:\\\/\\\/rdvcanada.ca\\\/en\\\/\"\n\t                },\n\t                {\n\t                    \"@type\": \"ListItem\",\n\t                    \"position\": 2,\n\t                    \"name\": \"Panels \u00e0 TIFF\u00a0: Le March\u00e9, encore plus de possibilit\u00e9s pour votre projet\"\n\t                }\n\t            ]\n\t        },\n\t        {\n\t            \"@type\": \"WebSite\",\n\t            \"@id\": \"https:\\\/\\\/rdvcanada.ca\\\/en\\\/#website\",\n\t            \"url\": \"https:\\\/\\\/rdvcanada.ca\\\/en\\\/\",\n\t            \"name\": \"RDVCanada.ca\",\n\t            \"description\": \"VOIR GRAND. D\u00e9couvrez le meilleur du talent Canadien \u00e0 travers le monde.\",\n\t            \"potentialAction\": [\n\t                {\n\t                    \"@type\": \"SearchAction\",\n\t                    \"target\": {\n\t                        \"@type\": \"EntryPoint\",\n\t                        \"urlTemplate\": \"https:\\\/\\\/rdvcanada.ca\\\/en\\\/?s={search_term_string}\"\n\t                    },\n\t                    \"query-input\": {\n\t                        \"@type\": \"PropertyValueSpecification\",\n\t                        \"valueRequired\": true,\n\t                        \"valueName\": \"search_term_string\"\n\t                    }\n\t                }\n\t            ],\n\t            \"inLanguage\": \"fr-CA\"\n\t        },\n\t        {\n\t            \"@type\": \"Person\",\n\t            \"@id\": \"https:\\\/\\\/rdvcanada.ca\\\/en\\\/#\\\/schema\\\/person\\\/bb84f6b84b41e4507698d932dbee60ae\",\n\t            \"name\": \"Lucie Plantier\"\n\t        }\n\t    ]\n\t}<\/script>\n<!-- \/ Yoast SEO plugin. -->","yoast_head_json":{"title":"Panels \u00e0 TIFF\u00a0: Le March\u00e9, encore plus de possibilit\u00e9s pour votre projet - Industrie Audiovisuelle Canadienne","description":"Serez-vous \u00e0 TIFF: Le March\u00e9 avec un projet \u00e0 l\u2019\u00e9tape du d\u00e9veloppement, du financement, de la production, ou encore un projet achev\u00e9 pour lequel vous","robots":{"index":"index","follow":"follow","max-snippet":"max-snippet:-1","max-image-preview":"max-image-preview:large","max-video-preview":"max-video-preview:-1"},"canonical":"https:\/\/rdvcanada.ca\/fr\/evenements\/panels-a-tiff-le-marche-encore-plus-de-possibilites-pour-votre-projet\/","og_locale":"fr_CA","og_type":"article","og_title":"Panels \u00e0 TIFF\u00a0: Le March\u00e9, encore plus de possibilit\u00e9s pour votre projet - Industrie Audiovisuelle Canadienne","og_description":"Serez-vous \u00e0 TIFF: Le March\u00e9 avec un projet \u00e0 l\u2019\u00e9tape du d\u00e9veloppement, du financement, de la production, ou encore un projet achev\u00e9 pour lequel vous","og_url":"https:\/\/rdvcanada.ca\/fr\/evenements\/panels-a-tiff-le-marche-encore-plus-de-possibilites-pour-votre-projet\/","og_site_name":"RDVCanada.ca","article_publisher":"https:\/\/www.facebook.com\/telefilmcanada","article_published_time":"2026-09-01T18:13:50+00:00","article_modified_time":"2026-09-02T18:36:43+00:00","og_image":[{"width":2400,"height":900,"url":"https:\/\/rdvcanada.ca\/wp-content\/uploads\/2026\/09\/RDVCANADA_TIFF-TheMarket_Programming-Article.png","type":"image\/png"}],"author":"Lucie Plantier","twitter_card":"summary_large_image","twitter_misc":{"\u00c9crit par":"Lucie Plantier","Estimation du temps de lecture":"7 minutes"},"schema":{"@context":"https:\/\/schema.org","@graph":[{"@type":"Article","@id":"https:\/\/rdvcanada.ca\/fr\/evenements\/panels-a-tiff-le-marche-encore-plus-de-possibilites-pour-votre-projet\/#article","isPartOf":{"@id":"https:\/\/rdvcanada.ca\/fr\/evenements\/panels-a-tiff-le-marche-encore-plus-de-possibilites-pour-votre-projet\/"},"author":{"name":"Lucie Plantier","@id":"https:\/\/rdvcanada.ca\/en\/#\/schema\/person\/bb84f6b84b41e4507698d932dbee60ae"},"headline":"Panels \u00e0 TIFF\u00a0: Le March\u00e9, encore plus de possibilit\u00e9s pour votre projet","datePublished":"2026-09-01T18:13:50+00:00","dateModified":"2026-09-02T18:36:43+00:00","mainEntityOfPage":{"@id":"https:\/\/rdvcanada.ca\/fr\/evenements\/panels-a-tiff-le-marche-encore-plus-de-possibilites-pour-votre-projet\/"},"wordCount":1448,"image":{"@id":"https:\/\/rdvcanada.ca\/fr\/evenements\/panels-a-tiff-le-marche-encore-plus-de-possibilites-pour-votre-projet\/#primaryimage"},"thumbnailUrl":"https:\/\/rdvcanada.ca\/wp-content\/uploads\/2026\/09\/RDVCANADA_TIFF-TheMarket_Programming-Article.png","articleSection":["\u00c9v\u00e9nements","Incontournables"],"inLanguage":"fr-CA"},{"@type":"WebPage","@id":"https:\/\/rdvcanada.ca\/fr\/evenements\/panels-a-tiff-le-marche-encore-plus-de-possibilites-pour-votre-projet\/","url":"https:\/\/rdvcanada.ca\/fr\/evenements\/panels-a-tiff-le-marche-encore-plus-de-possibilites-pour-votre-projet\/","name":"Panels \u00e0 TIFF\u00a0: Le March\u00e9, encore plus de possibilit\u00e9s pour votre projet - Industrie Audiovisuelle Canadienne","isPartOf":{"@id":"https:\/\/rdvcanada.ca\/en\/#website"},"primaryImageOfPage":{"@id":"https:\/\/rdvcanada.ca\/fr\/evenements\/panels-a-tiff-le-marche-encore-plus-de-possibilites-pour-votre-projet\/#primaryimage"},"image":{"@id":"https:\/\/rdvcanada.ca\/fr\/evenements\/panels-a-tiff-le-marche-encore-plus-de-possibilites-pour-votre-projet\/#primaryimage"},"thumbnailUrl":"https:\/\/rdvcanada.ca\/wp-content\/uploads\/2026\/09\/RDVCANADA_TIFF-TheMarket_Programming-Article.png","datePublished":"2026-09-01T18:13:50+00:00","dateModified":"2026-09-02T18:36:43+00:00","author":{"@id":"https:\/\/rdvcanada.ca\/en\/#\/schema\/person\/bb84f6b84b41e4507698d932dbee60ae"},"description":"Serez-vous \u00e0 TIFF: Le March\u00e9 avec un projet \u00e0 l\u2019\u00e9tape du d\u00e9veloppement, du financement, de la production, ou encore un projet achev\u00e9 pour lequel vous","breadcrumb":{"@id":"https:\/\/rdvcanada.ca\/fr\/evenements\/panels-a-tiff-le-marche-encore-plus-de-possibilites-pour-votre-projet\/#breadcrumb"},"inLanguage":"fr-CA","potentialAction":[{"@type":"ReadAction","target":["https:\/\/rdvcanada.ca\/fr\/evenements\/panels-a-tiff-le-marche-encore-plus-de-possibilites-pour-votre-projet\/"]}]},{"@type":"ImageObject","inLanguage":"fr-CA","@id":"https:\/\/rdvcanada.ca\/fr\/evenements\/panels-a-tiff-le-marche-encore-plus-de-possibilites-pour-votre-projet\/#primaryimage","url":"https:\/\/rdvcanada.ca\/wp-content\/uploads\/2026\/09\/RDVCANADA_TIFF-TheMarket_Programming-Article.png","contentUrl":"https:\/\/rdvcanada.ca\/wp-content\/uploads\/2026\/09\/RDVCANADA_TIFF-TheMarket_Programming-Article.png","width":2400,"height":900},{"@type":"BreadcrumbList","@id":"https:\/\/rdvcanada.ca\/fr\/evenements\/panels-a-tiff-le-marche-encore-plus-de-possibilites-pour-votre-projet\/#breadcrumb","itemListElement":[{"@type":"ListItem","position":1,"name":"Home","item":"https:\/\/rdvcanada.ca\/en\/"},{"@type":"ListItem","position":2,"name":"Panels \u00e0 TIFF\u00a0: Le March\u00e9, encore plus de possibilit\u00e9s pour votre projet"}]},{"@type":"WebSite","@id":"https:\/\/rdvcanada.ca\/en\/#website","url":"https:\/\/rdvcanada.ca\/en\/","name":"RDVCanada.ca","description":"VOIR GRAND. D\u00e9couvrez le meilleur du talent Canadien \u00e0 travers le monde.","potentialAction":[{"@type":"SearchAction","target":{"@type":"EntryPoint","urlTemplate":"https:\/\/rdvcanada.ca\/en\/?s={search_term_string}"},"query-input":{"@type":"PropertyValueSpecification","valueRequired":true,"valueName":"search_term_string"}}],"inLanguage":"fr-CA"},{"@type":"Person","@id":"https:\/\/rdvcanada.ca\/en\/#\/schema\/person\/bb84f6b84b41e4507698d932dbee60ae","name":"Lucie Plantier"}]}},"_links":{"self":[{"href":"https:\/\/rdvcanada.ca\/fr\/wp-json\/wp\/v2\/posts\/147797","targetHints":{"allow":["GET"]}}],"collection":[{"href":"https:\/\/rdvcanada.ca\/fr\/wp-json\/wp\/v2\/posts"}],"about":[{"href":"https:\/\/rdvcanada.ca\/fr\/wp-json\/wp\/v2\/types\/post"}],"author":[{"embeddable":true,"href":"https:\/\/rdvcanada.ca\/fr\/wp-json\/wp\/v2\/users\/2560"}],"replies":[{"embeddable":true,"href":"https:\/\/rdvcanada.ca\/fr\/wp-json\/wp\/v2\/comments?post=147797"}],"version-history":[{"count":0,"href":"https:\/\/rdvcanada.ca\/fr\/wp-json\/wp\/v2\/posts\/147797\/revisions"}],"wp:featuredmedia":[{"embeddable":true,"href":"https:\/\/rdvcanada.ca\/fr\/wp-json\/wp\/v2\/media\/147819"}],"wp:attachment":[{"href":"https:\/\/rdvcanada.ca\/fr\/wp-json\/wp\/v2\/media?parent=147797"}],"wp:term":[{"taxonomy":"category","embeddable":true,"href":"https:\/\/rdvcanada.ca\/fr\/wp-json\/wp\/v2\/categories?post=147797"},{"taxonomy":"post_tag","embeddable":true,"href":"https:\/\/rdvcanada.ca\/fr\/wp-json\/wp\/v2\/tags?post=147797"}],"curies":[{"name":"wp","href":"https:\/\/api.w.org\/{rel}","templated":true}]}}