{"id":11052,"date":"2018-06-22T11:41:40","date_gmt":"2018-06-22T15:41:40","guid":{"rendered":"https:\/\/rdvcanada.ca\/?p=11052"},"modified":"2018-06-22T11:42:26","modified_gmt":"2018-06-22T15:42:26","slug":"le-canada-fait-des-vagues-a-karlovy-vary","status":"publish","type":"post","link":"https:\/\/rdvcanada.ca\/fr\/evenements\/le-canada-fait-des-vagues-a-karlovy-vary\/","title":{"rendered":"Le Canada fait des vagues \u00e0 Karlovy Vary"},"content":{"rendered":"\t\t<div data-elementor-type=\"wp-post\" data-elementor-id=\"11052\" class=\"elementor elementor-11052 elementor-11039 elementor-bc-flex-widget\" data-elementor-post-type=\"post\">\n\t\t\t\t\t\t<section class=\"elementor-section elementor-top-section elementor-element elementor-element-6caba474 elementor-section-boxed elementor-section-height-default elementor-section-height-default\" data-id=\"6caba474\" data-element_type=\"section\" data-e-type=\"section\">\n\t\t\t\t\t\t<div class=\"elementor-container elementor-column-gap-default\">\n\t\t\t\t\t<div class=\"elementor-column elementor-col-100 elementor-top-column elementor-element elementor-element-32ab2323\" data-id=\"32ab2323\" data-element_type=\"column\" data-e-type=\"column\">\n\t\t\t<div class=\"elementor-widget-wrap\">\n\t\t\t\t\t\t\t<\/div>\n\t\t<\/div>\n\t\t\t\t\t<\/div>\n\t\t<\/section>\n\t\t\t\t<section class=\"elementor-section elementor-top-section elementor-element elementor-element-1df4d3bb elementor-section-boxed elementor-section-height-default elementor-section-height-default\" data-id=\"1df4d3bb\" data-element_type=\"section\" data-e-type=\"section\">\n\t\t\t\t\t\t<div class=\"elementor-container elementor-column-gap-default\">\n\t\t\t\t\t<div class=\"elementor-column elementor-col-100 elementor-top-column elementor-element elementor-element-6f4665ae\" data-id=\"6f4665ae\" data-element_type=\"column\" data-e-type=\"column\">\n\t\t\t<div class=\"elementor-widget-wrap elementor-element-populated\">\n\t\t\t\t\t\t<div class=\"elementor-element elementor-element-4ce32c92 elementor-widget elementor-widget-text-editor\" data-id=\"4ce32c92\" data-element_type=\"widget\" data-e-type=\"widget\" data-widget_type=\"text-editor.default\">\n\t\t\t\t<div class=\"elementor-widget-container\">\n\t\t\t\t\t\t\t\t\t<p>Ah!\u00a0L\u2019\u00e9t\u00e9 au Canada\u2009! La belle saison se d\u00e9cline de diff\u00e9rentes mani\u00e8res selon les go\u00fbts de chacun : escapades au bord d\u2019un lac, excursions en plein air ou tourn\u00e9e des festivals de cin\u00e9ma\u2009! Alors que l\u2019\u00e9t\u00e9 bat son plein, le cin\u00e9ma canadien fait des vagues sur le circuit international avec les projections et les \u00e9v\u00e9nements que T\u00e9l\u00e9film Canada met sur pied, et qui procure \u00e0 nos cin\u00e9astes de nombreuses possibilit\u00e9s de r\u00e9seautage \u00e0 travers le monde.<\/p><p>D\u2019abord en R\u00e9publique tch\u00e8que, le Canada sera solidement repr\u00e9sent\u00e9 au <a href=\"http:\/\/www.kviff.com\/en\/news\/\">53<sup>e<\/sup> Festival international du film de Karlovy Vary<\/a> (KVIFF), qui se d\u00e9roulera du 29 juin au 7 juillet 2018. Trois films canadiens ont \u00e9t\u00e9 s\u00e9lectionn\u00e9s pour la comp\u00e9tition officielle du Festival; il s\u2019agit du long m\u00e9trage et des deux documentaires suivants\u2009: <\/p><h3><a href=\"http:\/\/www.sevilleinternational.com\/film\/the-fireflies-are-gone\/?lang=fr\"><em>La disparition des lucioles<\/em><\/a> de S\u00e9bastien Pilote<em>, <\/em><a href=\"http:\/\/cielo-thefilm.com\/\"><em>Cielo<\/em><\/a> d\u2019Alison McAlpine et <a href=\"https:\/\/rdvcanada.ca\/en\/product\/a-little-wisdom\/\"><em>A Little Wisdom<\/em><\/a> de Yuqi Kang. Voyons de plus pr\u00e8s ces trois \u0153uvres canadiennes\u2009!<\/h3>\t\t\t\t\t\t\t\t<\/div>\n\t\t\t\t<\/div>\n\t\t\t\t\t<\/div>\n\t\t<\/div>\n\t\t\t\t\t<\/div>\n\t\t<\/section>\n\t\t\t\t<section class=\"elementor-section elementor-top-section elementor-element elementor-element-cd3dac2 elementor-section-boxed elementor-section-height-default elementor-section-height-default\" data-id=\"cd3dac2\" data-element_type=\"section\" data-e-type=\"section\">\n\t\t\t\t\t\t<div class=\"elementor-container elementor-column-gap-default\">\n\t\t\t\t\t<div class=\"elementor-column elementor-col-100 elementor-top-column elementor-element elementor-element-7be72fa2\" data-id=\"7be72fa2\" data-element_type=\"column\" data-e-type=\"column\">\n\t\t\t<div class=\"elementor-widget-wrap elementor-element-populated\">\n\t\t\t\t\t\t<section class=\"elementor-section elementor-inner-section elementor-element elementor-element-54c3aebb elementor-section-boxed elementor-section-height-default elementor-section-height-default\" data-id=\"54c3aebb\" data-element_type=\"section\" data-e-type=\"section\">\n\t\t\t\t\t\t<div class=\"elementor-container elementor-column-gap-default\">\n\t\t\t\t\t<div class=\"elementor-column elementor-col-50 elementor-inner-column elementor-element elementor-element-83bb163\" data-id=\"83bb163\" data-element_type=\"column\" data-e-type=\"column\">\n\t\t\t<div class=\"elementor-widget-wrap elementor-element-populated\">\n\t\t\t\t\t\t<div class=\"elementor-element elementor-element-49c6487b elementor-widget elementor-widget-image\" data-id=\"49c6487b\" data-element_type=\"widget\" data-e-type=\"widget\" data-widget_type=\"image.default\">\n\t\t\t\t<div class=\"elementor-widget-container\">\n\t\t\t\t\t\t\t\t\t\t\t\t\t\t\t<img fetchpriority=\"high\" decoding=\"async\" width=\"768\" height=\"432\" src=\"https:\/\/rdvcanada.ca\/wp-content\/uploads\/2018\/06\/Lucioles.jpg\" class=\"attachment-medium size-medium wp-image-16623\" alt=\"\" srcset=\"https:\/\/rdvcanada.ca\/wp-content\/uploads\/2018\/06\/Lucioles.jpg 768w, https:\/\/rdvcanada.ca\/wp-content\/uploads\/2018\/06\/Lucioles-220x124.jpg 220w\" sizes=\"(max-width: 768px) 100vw, 768px\" \/>\t\t\t\t\t\t\t\t\t\t\t\t\t\t\t<\/div>\n\t\t\t\t<\/div>\n\t\t\t\t\t<\/div>\n\t\t<\/div>\n\t\t\t\t<div class=\"elementor-column elementor-col-50 elementor-inner-column elementor-element elementor-element-509d4304\" data-id=\"509d4304\" data-element_type=\"column\" data-e-type=\"column\">\n\t\t\t<div class=\"elementor-widget-wrap elementor-element-populated\">\n\t\t\t\t\t\t<div class=\"elementor-element elementor-element-138623e3 elementor-widget elementor-widget-text-editor\" data-id=\"138623e3\" data-element_type=\"widget\" data-e-type=\"widget\" data-widget_type=\"text-editor.default\">\n\t\t\t\t<div class=\"elementor-widget-container\">\n\t\t\t\t\t\t\t\t\t<p><a href=\"http:\/\/www.sevilleinternational.com\/film\/the-fireflies-are-gone\/?lang=fr\"><em>La disparition des lucioles<\/em><\/a> : Pr\u00e9sent\u00e9 en premi\u00e8re mondiale au KVIFF, ce long m\u00e9trage d\u2019initiation du renomm\u00e9 r\u00e9alisateur S\u00e9bastien Pilote relate l\u2019histoire d\u2019une jeune fille habitant une petite ville, Leo (jou\u00e9e par Karelle Tremblay), qui suit des cours de guitare aupr\u00e8s d\u2019un d\u00e9nomm\u00e9 Steve, et qui obtient un emploi d\u2019\u00e9t\u00e9 dans le cadre de sa qu\u00eate de lib\u00e9ration et de d\u00e9couverte d\u2019elle-m\u00eame. Ce film est le troisi\u00e8me long m\u00e9trage de S\u00e9bastien Pilote \u00e0 titre de r\u00e9alisateur, apr\u00e8s <em>The Salesman (Le vendeur) <\/em>en 2011 et<em> The Auction (Le d\u00e9mant\u00e8lement)<\/em>, qui a remport\u00e9, entre autres distinctions, le prix convoit\u00e9 de la SACD \u00e0 la Semaine de la Critique de Cannes en 2013.<\/p>\t\t\t\t\t\t\t\t<\/div>\n\t\t\t\t<\/div>\n\t\t\t\t\t<\/div>\n\t\t<\/div>\n\t\t\t\t\t<\/div>\n\t\t<\/section>\n\t\t\t\t\t<\/div>\n\t\t<\/div>\n\t\t\t\t\t<\/div>\n\t\t<\/section>\n\t\t\t\t<section class=\"elementor-section elementor-top-section elementor-element elementor-element-6546dab7 elementor-section-boxed elementor-section-height-default elementor-section-height-default\" data-id=\"6546dab7\" data-element_type=\"section\" data-e-type=\"section\">\n\t\t\t\t\t\t<div class=\"elementor-container elementor-column-gap-default\">\n\t\t\t\t\t<div class=\"elementor-column elementor-col-100 elementor-top-column elementor-element elementor-element-25d870d0\" data-id=\"25d870d0\" data-element_type=\"column\" data-e-type=\"column\">\n\t\t\t<div class=\"elementor-widget-wrap elementor-element-populated\">\n\t\t\t\t\t\t<section class=\"elementor-section elementor-inner-section elementor-element elementor-element-6b137813 elementor-section-boxed elementor-section-height-default elementor-section-height-default\" data-id=\"6b137813\" data-element_type=\"section\" data-e-type=\"section\">\n\t\t\t\t\t\t<div class=\"elementor-container elementor-column-gap-default\">\n\t\t\t\t\t<div class=\"elementor-column elementor-col-50 elementor-inner-column elementor-element elementor-element-636bbf85\" data-id=\"636bbf85\" data-element_type=\"column\" data-e-type=\"column\">\n\t\t\t<div class=\"elementor-widget-wrap elementor-element-populated\">\n\t\t\t\t\t\t<div class=\"elementor-element elementor-element-23bb4149 elementor-widget elementor-widget-image\" data-id=\"23bb4149\" data-element_type=\"widget\" data-e-type=\"widget\" data-widget_type=\"image.default\">\n\t\t\t\t<div class=\"elementor-widget-container\">\n\t\t\t\t\t\t\t\t\t\t\t\t\t\t\t<img decoding=\"async\" width=\"768\" height=\"432\" src=\"https:\/\/rdvcanada.ca\/wp-content\/uploads\/2018\/06\/Cielo.jpg\" class=\"attachment-medium size-medium wp-image-16622\" alt=\"\" srcset=\"https:\/\/rdvcanada.ca\/wp-content\/uploads\/2018\/06\/Cielo.jpg 768w, https:\/\/rdvcanada.ca\/wp-content\/uploads\/2018\/06\/Cielo-220x124.jpg 220w\" sizes=\"auto, (max-width: 768px) 100vw, 768px\" loading=\"lazy\" \/>\t\t\t\t\t\t\t\t\t\t\t\t\t\t\t<\/div>\n\t\t\t\t<\/div>\n\t\t\t\t\t<\/div>\n\t\t<\/div>\n\t\t\t\t<div class=\"elementor-column elementor-col-50 elementor-inner-column elementor-element elementor-element-ee2c63b\" data-id=\"ee2c63b\" data-element_type=\"column\" data-e-type=\"column\">\n\t\t\t<div class=\"elementor-widget-wrap elementor-element-populated\">\n\t\t\t\t\t\t<div class=\"elementor-element elementor-element-71491b4b elementor-widget elementor-widget-text-editor\" data-id=\"71491b4b\" data-element_type=\"widget\" data-e-type=\"widget\" data-widget_type=\"text-editor.default\">\n\t\t\t\t<div class=\"elementor-widget-container\">\n\t\t\t\t\t\t\t\t\t<p><a href=\"http:\/\/cielo-thefilm.com\/\"><em>Cielo<\/em><\/a>\u00a0: R\u00e9alis\u00e9 par Alison McAlpine, cette coproduction Canada-Chili est un documentaire qui, selon le synopsis officiel, est un \u00ab\u00a0po\u00e8me d\u2019amour d\u00e9di\u00e9 au ciel nocturne\u00a0\u00bb. Camp\u00e9 dans le majestueux d\u00e9sert d\u2019Atacama au Chili, le film nous conduit au pays de l\u2019inspiration \u00e0 travers le regard des \u00ab\u00a0chasseurs de plan\u00e8tes\u00a0\u00bb et des \u00ab\u00a0habitants du d\u00e9sert\u00a0\u00bb locaux. Pr\u00e9sent\u00e9 en premi\u00e8re europ\u00e9enne au KVIFF, <em>Cielo<\/em> a d\u00e9j\u00e0 \u00e9t\u00e9 projet\u00e9 au New York Film Festival, \u00e0 Hot Docs et aux Rencontres internationales du documentaire de Montr\u00e9al, entre autres. Le film sortira en salle en ao\u00fbt \u00e0 Toronto, \u00e0 New York et \u00e0 Los Angeles.<\/p>\t\t\t\t\t\t\t\t<\/div>\n\t\t\t\t<\/div>\n\t\t\t\t\t<\/div>\n\t\t<\/div>\n\t\t\t\t\t<\/div>\n\t\t<\/section>\n\t\t\t\t\t<\/div>\n\t\t<\/div>\n\t\t\t\t\t<\/div>\n\t\t<\/section>\n\t\t\t\t<section class=\"elementor-section elementor-top-section elementor-element elementor-element-4b9306d7 elementor-section-boxed elementor-section-height-default elementor-section-height-default\" data-id=\"4b9306d7\" data-element_type=\"section\" data-e-type=\"section\">\n\t\t\t\t\t\t<div class=\"elementor-container elementor-column-gap-default\">\n\t\t\t\t\t<div class=\"elementor-column elementor-col-100 elementor-top-column elementor-element elementor-element-759217c8\" data-id=\"759217c8\" data-element_type=\"column\" data-e-type=\"column\">\n\t\t\t<div class=\"elementor-widget-wrap elementor-element-populated\">\n\t\t\t\t\t\t<section class=\"elementor-section elementor-inner-section elementor-element elementor-element-18d0250a elementor-section-boxed elementor-section-height-default elementor-section-height-default\" data-id=\"18d0250a\" data-element_type=\"section\" data-e-type=\"section\">\n\t\t\t\t\t\t<div class=\"elementor-container elementor-column-gap-default\">\n\t\t\t\t\t<div class=\"elementor-column elementor-col-50 elementor-inner-column elementor-element elementor-element-47bd9fcc\" data-id=\"47bd9fcc\" data-element_type=\"column\" data-e-type=\"column\">\n\t\t\t<div class=\"elementor-widget-wrap elementor-element-populated\">\n\t\t\t\t\t\t<div class=\"elementor-element elementor-element-5c402583 elementor-widget elementor-widget-image\" data-id=\"5c402583\" data-element_type=\"widget\" data-e-type=\"widget\" data-widget_type=\"image.default\">\n\t\t\t\t<div class=\"elementor-widget-container\">\n\t\t\t\t\t\t\t\t\t\t\t\t\t\t\t<img decoding=\"async\" width=\"768\" height=\"432\" src=\"https:\/\/rdvcanada.ca\/wp-content\/uploads\/2018\/06\/Wisdom.jpg\" class=\"attachment-large size-large wp-image-16624\" alt=\"\" srcset=\"https:\/\/rdvcanada.ca\/wp-content\/uploads\/2018\/06\/Wisdom.jpg 768w, https:\/\/rdvcanada.ca\/wp-content\/uploads\/2018\/06\/Wisdom-220x124.jpg 220w\" sizes=\"auto, (max-width: 768px) 100vw, 768px\" loading=\"lazy\" \/>\t\t\t\t\t\t\t\t\t\t\t\t\t\t\t<\/div>\n\t\t\t\t<\/div>\n\t\t\t\t\t<\/div>\n\t\t<\/div>\n\t\t\t\t<div class=\"elementor-column elementor-col-50 elementor-inner-column elementor-element elementor-element-3b01ec45\" data-id=\"3b01ec45\" data-element_type=\"column\" data-e-type=\"column\">\n\t\t\t<div class=\"elementor-widget-wrap elementor-element-populated\">\n\t\t\t\t\t\t<div class=\"elementor-element elementor-element-671300fb elementor-widget elementor-widget-text-editor\" data-id=\"671300fb\" data-element_type=\"widget\" data-e-type=\"widget\" data-widget_type=\"text-editor.default\">\n\t\t\t\t<div class=\"elementor-widget-container\">\n\t\t\t\t\t\t\t\t\t<p><a href=\"http:\/\/www.kviff.com\/en\/programme\/film\/5026262-a-little-wisdom\/\"><em>A Little Wisdom<\/em><\/a>\u00a0: Ce <a href=\"https:\/\/www.thelittlewisdom.com\/\">documentaire<\/a> r\u00e9alis\u00e9 par Yuqi Kang nous am\u00e8ne \u00e0 Lumbini au N\u00e9pal, lieu de naissance du Bouddha, o\u00f9 se trouve un monast\u00e8re bouddhiste qui tient lieu d\u2019orphelinat pour le petit Hopakuli et d\u2019autres jeunes moines. Cette coproduction Canada-Chine-\u00c9.-U. acclam\u00e9e a remport\u00e9 le prix du meilleur long m\u00e9trage documentaire canadien au Festival Hot Docs 2018 et a notamment \u00e9t\u00e9 projet\u00e9 au Festival South by Southwest et au Festival international du film de Busan.<\/p>\t\t\t\t\t\t\t\t<\/div>\n\t\t\t\t<\/div>\n\t\t\t\t\t<\/div>\n\t\t<\/div>\n\t\t\t\t\t<\/div>\n\t\t<\/section>\n\t\t\t\t\t<\/div>\n\t\t<\/div>\n\t\t\t\t\t<\/div>\n\t\t<\/section>\n\t\t\t\t<section class=\"elementor-section elementor-top-section elementor-element elementor-element-65864db9 elementor-section-boxed elementor-section-height-default elementor-section-height-default\" data-id=\"65864db9\" data-element_type=\"section\" data-e-type=\"section\">\n\t\t\t\t\t\t<div class=\"elementor-container elementor-column-gap-default\">\n\t\t\t\t\t<div class=\"elementor-column elementor-col-100 elementor-top-column elementor-element elementor-element-6a2e3666\" data-id=\"6a2e3666\" data-element_type=\"column\" data-e-type=\"column\">\n\t\t\t<div class=\"elementor-widget-wrap elementor-element-populated\">\n\t\t\t\t\t\t<section class=\"elementor-section elementor-inner-section elementor-element elementor-element-7ec7ef0e elementor-section-boxed elementor-section-height-default elementor-section-height-default\" data-id=\"7ec7ef0e\" data-element_type=\"section\" data-e-type=\"section\">\n\t\t\t\t\t\t<div class=\"elementor-container elementor-column-gap-default\">\n\t\t\t\t\t<div class=\"elementor-column elementor-col-100 elementor-inner-column elementor-element elementor-element-63fea17a\" data-id=\"63fea17a\" data-element_type=\"column\" data-e-type=\"column\">\n\t\t\t<div class=\"elementor-widget-wrap elementor-element-populated\">\n\t\t\t\t\t\t<div class=\"elementor-element elementor-element-789627e4 elementor-widget elementor-widget-text-editor\" data-id=\"789627e4\" data-element_type=\"widget\" data-e-type=\"widget\" data-widget_type=\"text-editor.default\">\n\t\t\t\t<div class=\"elementor-widget-container\">\n\t\t\t\t\t\t\t\t\t<p>Restez \u00e0 l\u2019aff\u00fbt\u00a0: d\u2019autres nouvelles suivront sur les projections, \u00e9v\u00e9nements et occasions de r\u00e9seautage au KVIFF\u2009!<\/p>\t\t\t\t\t\t\t\t<\/div>\n\t\t\t\t<\/div>\n\t\t\t\t\t<\/div>\n\t\t<\/div>\n\t\t\t\t\t<\/div>\n\t\t<\/section>\n\t\t\t\t\t<\/div>\n\t\t<\/div>\n\t\t\t\t\t<\/div>\n\t\t<\/section>\n\t\t\t\t<section class=\"elementor-section elementor-top-section elementor-element elementor-element-32697a4b elementor-section-boxed elementor-section-height-default elementor-section-height-default\" data-id=\"32697a4b\" data-element_type=\"section\" data-e-type=\"section\">\n\t\t\t\t\t\t<div class=\"elementor-container elementor-column-gap-default\">\n\t\t\t\t\t<div class=\"elementor-column elementor-col-100 elementor-top-column elementor-element elementor-element-56d9dada\" data-id=\"56d9dada\" data-element_type=\"column\" data-e-type=\"column\">\n\t\t\t<div class=\"elementor-widget-wrap elementor-element-populated\">\n\t\t\t\t\t\t<div class=\"elementor-element elementor-element-31731231 elementor-widget elementor-widget-text-editor\" data-id=\"31731231\" data-element_type=\"widget\" data-e-type=\"widget\" data-widget_type=\"text-editor.default\">\n\t\t\t\t<div class=\"elementor-widget-container\">\n\t\t\t\t\t\t\t\t\t<h3 id=\"on-se-voit-la-bas\">\u00a0On se voit l\u00e0-bas?<\/h3>\t\t\t\t\t\t\t\t<\/div>\n\t\t\t\t<\/div>\n\t\t\t\t\t<\/div>\n\t\t<\/div>\n\t\t\t\t\t<\/div>\n\t\t<\/section>\n\t\t\t\t<\/div>\n\t\t","protected":false},"excerpt":{"rendered":"<p>Ah!\u00a0L\u2019\u00e9t\u00e9 au Canada\u2009! La belle saison se d\u00e9cline de diff\u00e9rentes&#8230;<\/p>\n","protected":false},"author":150,"featured_media":11043,"comment_status":"open","ping_status":"closed","sticky":false,"template":"","format":"standard","meta":{"_acf_changed":false,"_crdt_document":"","footnotes":""},"categories":[331],"tags":[],"class_list":["post-11052","post","type-post","status-publish","format-standard","has-post-thumbnail","hentry","category-evenements","posts_festivals-karlovy-vary-2018-2"],"acf":[],"yoast_head":"<!-- This site is optimized with the Yoast SEO plugin v27.5 - https:\/\/yoast.com\/product\/yoast-seo-wordpress\/ -->\n<title>Le Canada fait des vagues \u00e0 Karlovy Vary - Industrie Audiovisuelle Canadienne<\/title>\n<meta name=\"description\" content=\"Ah!\u00a0L\u2019\u00e9t\u00e9 au Canada\u2009! La belle saison se d\u00e9cline de diff\u00e9rentes mani\u00e8res selon les go\u00fbts de chacun : escapades au bord d\u2019un lac, excursions en plein air\" \/>\n<meta name=\"robots\" content=\"index, follow, max-snippet:-1, max-image-preview:large, max-video-preview:-1\" \/>\n<link rel=\"canonical\" href=\"https:\/\/rdvcanada.ca\/fr\/evenements\/le-canada-fait-des-vagues-a-karlovy-vary\/\" \/>\n<meta property=\"og:locale\" content=\"fr_CA\" \/>\n<meta property=\"og:type\" content=\"article\" \/>\n<meta property=\"og:title\" content=\"Le Canada fait des vagues \u00e0 Karlovy Vary - Industrie Audiovisuelle Canadienne\" \/>\n<meta property=\"og:description\" content=\"Ah!\u00a0L\u2019\u00e9t\u00e9 au Canada\u2009! La belle saison se d\u00e9cline de diff\u00e9rentes mani\u00e8res selon les go\u00fbts de chacun : escapades au bord d\u2019un lac, excursions en plein air\" \/>\n<meta property=\"og:url\" content=\"https:\/\/rdvcanada.ca\/fr\/evenements\/le-canada-fait-des-vagues-a-karlovy-vary\/\" \/>\n<meta property=\"og:site_name\" content=\"RDVCanada.ca\" \/>\n<meta property=\"article:publisher\" content=\"https:\/\/www.facebook.com\/telefilmcanada\" \/>\n<meta property=\"article:published_time\" content=\"2018-06-22T15:41:40+00:00\" \/>\n<meta property=\"article:modified_time\" content=\"2018-06-22T15:42:26+00:00\" \/>\n<meta property=\"og:image\" content=\"https:\/\/rdvcanada.ca\/wp-content\/uploads\/2018\/06\/BG-Cielo-karlovy.jpg\" \/>\n\t<meta property=\"og:image:width\" content=\"1920\" \/>\n\t<meta property=\"og:image:height\" content=\"800\" \/>\n\t<meta property=\"og:image:type\" content=\"image\/jpeg\" \/>\n<meta name=\"author\" content=\"Sandrine Couture\" \/>\n<meta name=\"twitter:card\" content=\"summary_large_image\" \/>\n<meta name=\"twitter:label1\" content=\"\u00c9crit par\" \/>\n\t<meta name=\"twitter:data1\" content=\"Sandrine Couture\" \/>\n\t<meta name=\"twitter:label2\" content=\"Estimation du temps de lecture\" \/>\n\t<meta name=\"twitter:data2\" content=\"3 minutes\" \/>\n<script type=\"application\/ld+json\" class=\"yoast-schema-graph\">{\n\t    \"@context\": \"https:\\\/\\\/schema.org\",\n\t    \"@graph\": [\n\t        {\n\t            \"@type\": \"Article\",\n\t            \"@id\": \"https:\\\/\\\/rdvcanada.ca\\\/fr\\\/evenements\\\/le-canada-fait-des-vagues-a-karlovy-vary\\\/#article\",\n\t            \"isPartOf\": {\n\t                \"@id\": \"https:\\\/\\\/rdvcanada.ca\\\/fr\\\/evenements\\\/le-canada-fait-des-vagues-a-karlovy-vary\\\/\"\n\t            },\n\t            \"author\": {\n\t                \"name\": \"Sandrine Couture\",\n\t                \"@id\": \"https:\\\/\\\/rdvcanada.ca\\\/en\\\/#\\\/schema\\\/person\\\/1e768c79ba9203bf4ad021e6046270c1\"\n\t            },\n\t            \"headline\": \"Le Canada fait des vagues \u00e0 Karlovy Vary\",\n\t            \"datePublished\": \"2018-06-22T15:41:40+00:00\",\n\t            \"dateModified\": \"2018-06-22T15:42:26+00:00\",\n\t            \"mainEntityOfPage\": {\n\t                \"@id\": \"https:\\\/\\\/rdvcanada.ca\\\/fr\\\/evenements\\\/le-canada-fait-des-vagues-a-karlovy-vary\\\/\"\n\t            },\n\t            \"wordCount\": 528,\n\t            \"commentCount\": 0,\n\t            \"image\": {\n\t                \"@id\": \"https:\\\/\\\/rdvcanada.ca\\\/fr\\\/evenements\\\/le-canada-fait-des-vagues-a-karlovy-vary\\\/#primaryimage\"\n\t            },\n\t            \"thumbnailUrl\": \"https:\\\/\\\/rdvcanada.ca\\\/wp-content\\\/uploads\\\/2018\\\/06\\\/BG-Cielo-karlovy.jpg\",\n\t            \"articleSection\": [\n\t                \"\u00c9v\u00e9nements\"\n\t            ],\n\t            \"inLanguage\": \"fr-CA\",\n\t            \"potentialAction\": [\n\t                {\n\t                    \"@type\": \"CommentAction\",\n\t                    \"name\": \"Comment\",\n\t                    \"target\": [\n\t                        \"https:\\\/\\\/rdvcanada.ca\\\/fr\\\/evenements\\\/le-canada-fait-des-vagues-a-karlovy-vary\\\/#respond\"\n\t                    ]\n\t                }\n\t            ]\n\t        },\n\t        {\n\t            \"@type\": \"WebPage\",\n\t            \"@id\": \"https:\\\/\\\/rdvcanada.ca\\\/fr\\\/evenements\\\/le-canada-fait-des-vagues-a-karlovy-vary\\\/\",\n\t            \"url\": \"https:\\\/\\\/rdvcanada.ca\\\/fr\\\/evenements\\\/le-canada-fait-des-vagues-a-karlovy-vary\\\/\",\n\t            \"name\": \"Le Canada fait des vagues \u00e0 Karlovy Vary - Industrie Audiovisuelle Canadienne\",\n\t            \"isPartOf\": {\n\t                \"@id\": \"https:\\\/\\\/rdvcanada.ca\\\/en\\\/#website\"\n\t            },\n\t            \"primaryImageOfPage\": {\n\t                \"@id\": \"https:\\\/\\\/rdvcanada.ca\\\/fr\\\/evenements\\\/le-canada-fait-des-vagues-a-karlovy-vary\\\/#primaryimage\"\n\t            },\n\t            \"image\": {\n\t                \"@id\": \"https:\\\/\\\/rdvcanada.ca\\\/fr\\\/evenements\\\/le-canada-fait-des-vagues-a-karlovy-vary\\\/#primaryimage\"\n\t            },\n\t            \"thumbnailUrl\": \"https:\\\/\\\/rdvcanada.ca\\\/wp-content\\\/uploads\\\/2018\\\/06\\\/BG-Cielo-karlovy.jpg\",\n\t            \"datePublished\": \"2018-06-22T15:41:40+00:00\",\n\t            \"dateModified\": \"2018-06-22T15:42:26+00:00\",\n\t            \"author\": {\n\t                \"@id\": \"https:\\\/\\\/rdvcanada.ca\\\/en\\\/#\\\/schema\\\/person\\\/1e768c79ba9203bf4ad021e6046270c1\"\n\t            },\n\t            \"description\": \"Ah!\u00a0L\u2019\u00e9t\u00e9 au Canada\u2009! La belle saison se d\u00e9cline de diff\u00e9rentes mani\u00e8res selon les go\u00fbts de chacun : escapades au bord d\u2019un lac, excursions en plein air\",\n\t            \"breadcrumb\": {\n\t                \"@id\": \"https:\\\/\\\/rdvcanada.ca\\\/fr\\\/evenements\\\/le-canada-fait-des-vagues-a-karlovy-vary\\\/#breadcrumb\"\n\t            },\n\t            \"inLanguage\": \"fr-CA\",\n\t            \"potentialAction\": [\n\t                {\n\t                    \"@type\": \"ReadAction\",\n\t                    \"target\": [\n\t                        \"https:\\\/\\\/rdvcanada.ca\\\/fr\\\/evenements\\\/le-canada-fait-des-vagues-a-karlovy-vary\\\/\"\n\t                    ]\n\t                }\n\t            ]\n\t        },\n\t        {\n\t            \"@type\": \"ImageObject\",\n\t            \"inLanguage\": \"fr-CA\",\n\t            \"@id\": \"https:\\\/\\\/rdvcanada.ca\\\/fr\\\/evenements\\\/le-canada-fait-des-vagues-a-karlovy-vary\\\/#primaryimage\",\n\t            \"url\": \"https:\\\/\\\/rdvcanada.ca\\\/wp-content\\\/uploads\\\/2018\\\/06\\\/BG-Cielo-karlovy.jpg\",\n\t            \"contentUrl\": \"https:\\\/\\\/rdvcanada.ca\\\/wp-content\\\/uploads\\\/2018\\\/06\\\/BG-Cielo-karlovy.jpg\",\n\t            \"width\": \"1920\",\n\t            \"height\": \"800\"\n\t        },\n\t        {\n\t            \"@type\": \"BreadcrumbList\",\n\t            \"@id\": \"https:\\\/\\\/rdvcanada.ca\\\/fr\\\/evenements\\\/le-canada-fait-des-vagues-a-karlovy-vary\\\/#breadcrumb\",\n\t            \"itemListElement\": [\n\t                {\n\t                    \"@type\": \"ListItem\",\n\t                    \"position\": 1,\n\t                    \"name\": \"Home\",\n\t                    \"item\": \"https:\\\/\\\/rdvcanada.ca\\\/fr\\\/\"\n\t                },\n\t                {\n\t                    \"@type\": \"ListItem\",\n\t                    \"position\": 2,\n\t                    \"name\": \"Le Canada fait des vagues \u00e0 Karlovy Vary\"\n\t                }\n\t            ]\n\t        },\n\t        {\n\t            \"@type\": \"WebSite\",\n\t            \"@id\": \"https:\\\/\\\/rdvcanada.ca\\\/en\\\/#website\",\n\t            \"url\": \"https:\\\/\\\/rdvcanada.ca\\\/en\\\/\",\n\t            \"name\": \"RDVCanada.ca\",\n\t            \"description\": \"VOIR GRAND. D\u00e9couvrez le meilleur du talent Canadien \u00e0 travers le monde.\",\n\t            \"potentialAction\": [\n\t                {\n\t                    \"@type\": \"SearchAction\",\n\t                    \"target\": {\n\t                        \"@type\": \"EntryPoint\",\n\t                        \"urlTemplate\": \"https:\\\/\\\/rdvcanada.ca\\\/en\\\/?s={search_term_string}\"\n\t                    },\n\t                    \"query-input\": {\n\t                        \"@type\": \"PropertyValueSpecification\",\n\t                        \"valueRequired\": true,\n\t                        \"valueName\": \"search_term_string\"\n\t                    }\n\t                }\n\t            ],\n\t            \"inLanguage\": \"fr-CA\"\n\t        },\n\t        {\n\t            \"@type\": \"Person\",\n\t            \"@id\": \"https:\\\/\\\/rdvcanada.ca\\\/en\\\/#\\\/schema\\\/person\\\/1e768c79ba9203bf4ad021e6046270c1\",\n\t            \"name\": \"Sandrine Couture\"\n\t        }\n\t    ]\n\t}<\/script>\n<!-- \/ Yoast SEO plugin. -->","yoast_head_json":{"title":"Le Canada fait des vagues \u00e0 Karlovy Vary - Industrie Audiovisuelle Canadienne","description":"Ah!\u00a0L\u2019\u00e9t\u00e9 au Canada\u2009! La belle saison se d\u00e9cline de diff\u00e9rentes mani\u00e8res selon les go\u00fbts de chacun : escapades au bord d\u2019un lac, excursions en plein air","robots":{"index":"index","follow":"follow","max-snippet":"max-snippet:-1","max-image-preview":"max-image-preview:large","max-video-preview":"max-video-preview:-1"},"canonical":"https:\/\/rdvcanada.ca\/fr\/evenements\/le-canada-fait-des-vagues-a-karlovy-vary\/","og_locale":"fr_CA","og_type":"article","og_title":"Le Canada fait des vagues \u00e0 Karlovy Vary - Industrie Audiovisuelle Canadienne","og_description":"Ah!\u00a0L\u2019\u00e9t\u00e9 au Canada\u2009! La belle saison se d\u00e9cline de diff\u00e9rentes mani\u00e8res selon les go\u00fbts de chacun : escapades au bord d\u2019un lac, excursions en plein air","og_url":"https:\/\/rdvcanada.ca\/fr\/evenements\/le-canada-fait-des-vagues-a-karlovy-vary\/","og_site_name":"RDVCanada.ca","article_publisher":"https:\/\/www.facebook.com\/telefilmcanada","article_published_time":"2018-06-22T15:41:40+00:00","article_modified_time":"2018-06-22T15:42:26+00:00","og_image":[{"width":1920,"height":800,"url":"https:\/\/rdvcanada.ca\/wp-content\/uploads\/2018\/06\/BG-Cielo-karlovy.jpg","type":"image\/jpeg"}],"author":"Sandrine Couture","twitter_card":"summary_large_image","twitter_misc":{"\u00c9crit par":"Sandrine Couture","Estimation du temps de lecture":"3 minutes"},"schema":{"@context":"https:\/\/schema.org","@graph":[{"@type":"Article","@id":"https:\/\/rdvcanada.ca\/fr\/evenements\/le-canada-fait-des-vagues-a-karlovy-vary\/#article","isPartOf":{"@id":"https:\/\/rdvcanada.ca\/fr\/evenements\/le-canada-fait-des-vagues-a-karlovy-vary\/"},"author":{"name":"Sandrine Couture","@id":"https:\/\/rdvcanada.ca\/en\/#\/schema\/person\/1e768c79ba9203bf4ad021e6046270c1"},"headline":"Le Canada fait des vagues \u00e0 Karlovy Vary","datePublished":"2018-06-22T15:41:40+00:00","dateModified":"2018-06-22T15:42:26+00:00","mainEntityOfPage":{"@id":"https:\/\/rdvcanada.ca\/fr\/evenements\/le-canada-fait-des-vagues-a-karlovy-vary\/"},"wordCount":528,"commentCount":0,"image":{"@id":"https:\/\/rdvcanada.ca\/fr\/evenements\/le-canada-fait-des-vagues-a-karlovy-vary\/#primaryimage"},"thumbnailUrl":"https:\/\/rdvcanada.ca\/wp-content\/uploads\/2018\/06\/BG-Cielo-karlovy.jpg","articleSection":["\u00c9v\u00e9nements"],"inLanguage":"fr-CA","potentialAction":[{"@type":"CommentAction","name":"Comment","target":["https:\/\/rdvcanada.ca\/fr\/evenements\/le-canada-fait-des-vagues-a-karlovy-vary\/#respond"]}]},{"@type":"WebPage","@id":"https:\/\/rdvcanada.ca\/fr\/evenements\/le-canada-fait-des-vagues-a-karlovy-vary\/","url":"https:\/\/rdvcanada.ca\/fr\/evenements\/le-canada-fait-des-vagues-a-karlovy-vary\/","name":"Le Canada fait des vagues \u00e0 Karlovy Vary - Industrie Audiovisuelle Canadienne","isPartOf":{"@id":"https:\/\/rdvcanada.ca\/en\/#website"},"primaryImageOfPage":{"@id":"https:\/\/rdvcanada.ca\/fr\/evenements\/le-canada-fait-des-vagues-a-karlovy-vary\/#primaryimage"},"image":{"@id":"https:\/\/rdvcanada.ca\/fr\/evenements\/le-canada-fait-des-vagues-a-karlovy-vary\/#primaryimage"},"thumbnailUrl":"https:\/\/rdvcanada.ca\/wp-content\/uploads\/2018\/06\/BG-Cielo-karlovy.jpg","datePublished":"2018-06-22T15:41:40+00:00","dateModified":"2018-06-22T15:42:26+00:00","author":{"@id":"https:\/\/rdvcanada.ca\/en\/#\/schema\/person\/1e768c79ba9203bf4ad021e6046270c1"},"description":"Ah!\u00a0L\u2019\u00e9t\u00e9 au Canada\u2009! La belle saison se d\u00e9cline de diff\u00e9rentes mani\u00e8res selon les go\u00fbts de chacun : escapades au bord d\u2019un lac, excursions en plein air","breadcrumb":{"@id":"https:\/\/rdvcanada.ca\/fr\/evenements\/le-canada-fait-des-vagues-a-karlovy-vary\/#breadcrumb"},"inLanguage":"fr-CA","potentialAction":[{"@type":"ReadAction","target":["https:\/\/rdvcanada.ca\/fr\/evenements\/le-canada-fait-des-vagues-a-karlovy-vary\/"]}]},{"@type":"ImageObject","inLanguage":"fr-CA","@id":"https:\/\/rdvcanada.ca\/fr\/evenements\/le-canada-fait-des-vagues-a-karlovy-vary\/#primaryimage","url":"https:\/\/rdvcanada.ca\/wp-content\/uploads\/2018\/06\/BG-Cielo-karlovy.jpg","contentUrl":"https:\/\/rdvcanada.ca\/wp-content\/uploads\/2018\/06\/BG-Cielo-karlovy.jpg","width":"1920","height":"800"},{"@type":"BreadcrumbList","@id":"https:\/\/rdvcanada.ca\/fr\/evenements\/le-canada-fait-des-vagues-a-karlovy-vary\/#breadcrumb","itemListElement":[{"@type":"ListItem","position":1,"name":"Home","item":"https:\/\/rdvcanada.ca\/fr\/"},{"@type":"ListItem","position":2,"name":"Le Canada fait des vagues \u00e0 Karlovy Vary"}]},{"@type":"WebSite","@id":"https:\/\/rdvcanada.ca\/en\/#website","url":"https:\/\/rdvcanada.ca\/en\/","name":"RDVCanada.ca","description":"VOIR GRAND. D\u00e9couvrez le meilleur du talent Canadien \u00e0 travers le monde.","potentialAction":[{"@type":"SearchAction","target":{"@type":"EntryPoint","urlTemplate":"https:\/\/rdvcanada.ca\/en\/?s={search_term_string}"},"query-input":{"@type":"PropertyValueSpecification","valueRequired":true,"valueName":"search_term_string"}}],"inLanguage":"fr-CA"},{"@type":"Person","@id":"https:\/\/rdvcanada.ca\/en\/#\/schema\/person\/1e768c79ba9203bf4ad021e6046270c1","name":"Sandrine Couture"}]}},"_links":{"self":[{"href":"https:\/\/rdvcanada.ca\/fr\/wp-json\/wp\/v2\/posts\/11052","targetHints":{"allow":["GET"]}}],"collection":[{"href":"https:\/\/rdvcanada.ca\/fr\/wp-json\/wp\/v2\/posts"}],"about":[{"href":"https:\/\/rdvcanada.ca\/fr\/wp-json\/wp\/v2\/types\/post"}],"author":[{"embeddable":true,"href":"https:\/\/rdvcanada.ca\/fr\/wp-json\/wp\/v2\/users\/150"}],"replies":[{"embeddable":true,"href":"https:\/\/rdvcanada.ca\/fr\/wp-json\/wp\/v2\/comments?post=11052"}],"version-history":[{"count":0,"href":"https:\/\/rdvcanada.ca\/fr\/wp-json\/wp\/v2\/posts\/11052\/revisions"}],"wp:featuredmedia":[{"embeddable":true,"href":"https:\/\/rdvcanada.ca\/fr\/wp-json\/wp\/v2\/media\/11043"}],"wp:attachment":[{"href":"https:\/\/rdvcanada.ca\/fr\/wp-json\/wp\/v2\/media?parent=11052"}],"wp:term":[{"taxonomy":"category","embeddable":true,"href":"https:\/\/rdvcanada.ca\/fr\/wp-json\/wp\/v2\/categories?post=11052"},{"taxonomy":"post_tag","embeddable":true,"href":"https:\/\/rdvcanada.ca\/fr\/wp-json\/wp\/v2\/tags?post=11052"}],"curies":[{"name":"wp","href":"https:\/\/api.w.org\/{rel}","templated":true}]}}